{"id":19513,"date":"2026-09-04T14:06:50","date_gmt":"2026-09-04T13:06:50","guid":{"rendered":"https:\/\/nublo.tv\/?p=19513"},"modified":"2026-09-04T14:06:50","modified_gmt":"2026-09-04T13:06:50","slug":"las-palmas-de-gran-canaria-inicia-tras-el-pino-las-obras-de-mejora-de-la-playa-de-la-puntilla","status":"publish","type":"post","link":"https:\/\/nublo.tv\/index.php\/2026\/09\/04\/las-palmas-de-gran-canaria-inicia-tras-el-pino-las-obras-de-mejora-de-la-playa-de-la-puntilla\/","title":{"rendered":"Las Palmas de Gran Canaria inicia tras el Pino las obras de mejora de la playa de La Puntilla"},"content":{"rendered":"<p><strong>El Ayuntamiento de Las Palmas de Gran Canaria iniciar\u00e1 la pr\u00f3xima semana, tras la festividad del Pino, las obras de acondicionamiento y mejora del entorno de la playa de La Puntilla, en el barrio marinero de San Crist\u00f3bal, unos trabajos adjudicados por 778.041,62 euros y con un plazo de ejecuci\u00f3n de seis meses.<\/strong><\/p>\n<p>La actuaci\u00f3n, adjudicada a la empresa Urban 2020 S.L. y cofinanciada con cargo al Fondo de Desarrollo de Canarias (FDCAN), abarca una superficie de 1.810 metros cuadrados comprendidos entre la calle Estribor, el muelle pesquero de San Crist\u00f3bal y la calle Popa. El proyecto ha sido promovido por la Concejal\u00eda de Ciudad de Mar, dirigida por Pedro Quevedo, y desarrollado por el \u00e1rea de Planificaci\u00f3n, Desarrollo Urbano y Vivienda, encabezada por Mauricio Roque.<\/p>\n<p>Los trabajos han sido planificados por fases junto al personal t\u00e9cnico de la Sociedad Municipal de Gesti\u00f3n Urban\u00edstica (GEURSA) para minimizar las afecciones en el barrio. La intervenci\u00f3n comenzar\u00e1 con la instalaci\u00f3n de la infraestructura de obra, el vallado perimetral y la se\u00f1alizaci\u00f3n de tr\u00e1fico, para continuar con la demolici\u00f3n de aceras y la renovaci\u00f3n de los accesos peatonales.<\/p>\n<p>Durante el desarrollo de los trabajos, el acceso a la playa se realizar\u00e1 a trav\u00e9s de la calle Dr. D. Antonio Luis S\u00e1nchez Fleitas. Por su parte, la calle Estribor permanecer\u00e1 cerrada a los veh\u00edculos hasta la altura del n\u00famero 15 durante al menos la primera mitad del periodo de ejecuci\u00f3n. El acceso rodado hacia el paseo y el muelle pesquero quedar\u00e1 se\u00f1alizado a trav\u00e9s de la calle Babor.<\/p>\n<p>El proyecto contempla la repavimentaci\u00f3n en plataforma \u00fanica de la calle Estribor como prolongaci\u00f3n del paseo, donde el tr\u00e1fico quedar\u00e1 limitado en exclusiva a veh\u00edculos de emergencia y servicios de mantenimiento. Asimismo, se habilitar\u00e1n nuevos accesos adaptados mediante rampas y escaleras, que en sus tramos finales sobre la arena contar\u00e1n con materiales ligeros y desmontables para ajustarse a la normativa de Costas.<\/p>\n<p>La intervenci\u00f3n se completar\u00e1 con la creaci\u00f3n de \u00e1reas de estancia y sol\u00e1rium con nuevo mobiliario urbano, la instalaci\u00f3n de m\u00f3dulos prefabricados de aseos accesibles y la implantaci\u00f3n de un sistema de alumbrado orientado a reducir la contaminaci\u00f3n lum\u00ednica.<\/p>\n","protected":false},"excerpt":{"rendered":"<p>La actuaci\u00f3n, cofinanciada con cargo al FDCAN, adjudicada por 778.041,62 euros, permitir\u00e1 reordenar y mejorar este espacio litoral en una superficie de 1.810 m2La intervenci\u00f3n comenzar\u00e1 con la instalaci\u00f3n del&hellip;<\/p>\n","protected":false},"author":1,"featured_media":19545,"comment_status":"open","ping_status":"open","sticky":false,"template":"","format":"standard","meta":{"wpai_generated_summary":"","wpai_meta_description":"","footnotes":""},"categories":[132],"tags":[],"class_list":["post-19513","post","type-post","status-publish","format-standard","has-post-thumbnail","hentry","category-ayuntamiento-de-las-palmas-de-gran-canaria"],"_links":{"self":[{"href":"https:\/\/nublo.tv\/index.php\/wp-json\/wp\/v2\/posts\/19513","targetHints":{"allow":["GET"]}}],"collection":[{"href":"https:\/\/nublo.tv\/index.php\/wp-json\/wp\/v2\/posts"}],"about":[{"href":"https:\/\/nublo.tv\/index.php\/wp-json\/wp\/v2\/types\/post"}],"author":[{"embeddable":true,"href":"https:\/\/nublo.tv\/index.php\/wp-json\/wp\/v2\/users\/1"}],"replies":[{"embeddable":true,"href":"https:\/\/nublo.tv\/index.php\/wp-json\/wp\/v2\/comments?post=19513"}],"version-history":[{"count":2,"href":"https:\/\/nublo.tv\/index.php\/wp-json\/wp\/v2\/posts\/19513\/revisions"}],"predecessor-version":[{"id":19558,"href":"https:\/\/nublo.tv\/index.php\/wp-json\/wp\/v2\/posts\/19513\/revisions\/19558"}],"wp:featuredmedia":[{"embeddable":true,"href":"https:\/\/nublo.tv\/index.php\/wp-json\/wp\/v2\/media\/19545"}],"wp:attachment":[{"href":"https:\/\/nublo.tv\/index.php\/wp-json\/wp\/v2\/media?parent=19513"}],"wp:term":[{"taxonomy":"category","embeddable":true,"href":"https:\/\/nublo.tv\/index.php\/wp-json\/wp\/v2\/categories?post=19513"},{"taxonomy":"post_tag","embeddable":true,"href":"https:\/\/nublo.tv\/index.php\/wp-json\/wp\/v2\/tags?post=19513"}],"curies":[{"name":"wp","href":"https:\/\/api.w.org\/{rel}","templated":true}]}}