{"id":19515,"date":"2026-09-04T14:06:56","date_gmt":"2026-09-04T13:06:56","guid":{"rendered":"https:\/\/nublo.tv\/?p=19515"},"modified":"2026-09-04T14:06:56","modified_gmt":"2026-09-04T13:06:56","slug":"las-palmas-de-gran-canaria-presenta-la-campana-muy-nuestro-para-fomentar-el-reciclaje-de-envases","status":"publish","type":"post","link":"https:\/\/nublo.tv\/index.php\/2026\/09\/04\/las-palmas-de-gran-canaria-presenta-la-campana-muy-nuestro-para-fomentar-el-reciclaje-de-envases\/","title":{"rendered":"Las Palmas de Gran Canaria presenta la campa\u00f1a \u00abMuy nuestro\u00bb para fomentar el reciclaje de envases"},"content":{"rendered":"<p><strong>El Ayuntamiento de Las Palmas de Gran Canaria, a trav\u00e9s de la Concejal\u00eda de Higiene Urbana, ha presentado la campa\u00f1a de sensibilizaci\u00f3n ambiental \u00abMuy nuestro\u00bb, una iniciativa nacional de Ecoembes que se desarrollar\u00e1 en el municipio junto a la Fundaci\u00f3n Canaria para el Reciclaje y el Desarrollo Sostenible (Fundaci\u00f3n Canarias Recicla) para fomentar la correcta separaci\u00f3n de residuos.<\/strong><\/p>\n<p>El concejal del \u00e1rea y de Carnaval, H\u00e9ctor Alem\u00e1n, acompa\u00f1ado por el presidente de la Fundaci\u00f3n Canarias Recicla, Javier Rodr\u00edguez, ha dado a conocer esta iniciativa, orientada a promover entre la cin\u00eda el uso adecuado de los contenedores amarillo y azul.<\/p>\n<p>La campa\u00f1a llegar\u00e1 a los distintos distritos de la capital grancanaria mediante estands informativos y patrullas ambientales, as\u00ed como a trav\u00e9s de charlas y talleres dirigidos a diversos colectivos. Asimismo, las acciones divulgativas estar\u00e1n presentes en eventos de gran afluencia de p\u00fablico.<\/p>\n<p>La iniciativa incidir\u00e1 en la separaci\u00f3n de envases de pl\u00e1stico, latas y briks, que deben depositarse en el contenedor amarillo, y de papel y cart\u00f3n, destinados al contenedor azul. Adem\u00e1s, se trasladar\u00e1n recomendaciones pr\u00e1cticas para facilitar el proceso, como recordar que no es necesario lavar los envases antes de tirarlos y que aplastarlos contribuye a optimizar su gesti\u00f3n.<\/p>\n","protected":false},"excerpt":{"rendered":"<p>Las Palmas de Gran Canaria, 4 de septiembre de 2026. El Ayuntamiento de Las Palmas de Gran Canaria, a trav\u00e9s de la Concejal\u00eda de Higiene Urbana, ha presentado la campa\u00f1a&hellip;<\/p>\n","protected":false},"author":1,"featured_media":19543,"comment_status":"open","ping_status":"open","sticky":false,"template":"","format":"standard","meta":{"wpai_generated_summary":"","wpai_meta_description":"","footnotes":""},"categories":[132],"tags":[],"class_list":["post-19515","post","type-post","status-publish","format-standard","has-post-thumbnail","hentry","category-ayuntamiento-de-las-palmas-de-gran-canaria"],"_links":{"self":[{"href":"https:\/\/nublo.tv\/index.php\/wp-json\/wp\/v2\/posts\/19515","targetHints":{"allow":["GET"]}}],"collection":[{"href":"https:\/\/nublo.tv\/index.php\/wp-json\/wp\/v2\/posts"}],"about":[{"href":"https:\/\/nublo.tv\/index.php\/wp-json\/wp\/v2\/types\/post"}],"author":[{"embeddable":true,"href":"https:\/\/nublo.tv\/index.php\/wp-json\/wp\/v2\/users\/1"}],"replies":[{"embeddable":true,"href":"https:\/\/nublo.tv\/index.php\/wp-json\/wp\/v2\/comments?post=19515"}],"version-history":[{"count":2,"href":"https:\/\/nublo.tv\/index.php\/wp-json\/wp\/v2\/posts\/19515\/revisions"}],"predecessor-version":[{"id":19557,"href":"https:\/\/nublo.tv\/index.php\/wp-json\/wp\/v2\/posts\/19515\/revisions\/19557"}],"wp:featuredmedia":[{"embeddable":true,"href":"https:\/\/nublo.tv\/index.php\/wp-json\/wp\/v2\/media\/19543"}],"wp:attachment":[{"href":"https:\/\/nublo.tv\/index.php\/wp-json\/wp\/v2\/media?parent=19515"}],"wp:term":[{"taxonomy":"category","embeddable":true,"href":"https:\/\/nublo.tv\/index.php\/wp-json\/wp\/v2\/categories?post=19515"},{"taxonomy":"post_tag","embeddable":true,"href":"https:\/\/nublo.tv\/index.php\/wp-json\/wp\/v2\/tags?post=19515"}],"curies":[{"name":"wp","href":"https:\/\/api.w.org\/{rel}","templated":true}]}}