{"id":19517,"date":"2026-09-04T14:07:01","date_gmt":"2026-09-04T13:07:01","guid":{"rendered":"http:\/\/nublo.tv\/?p=19517"},"modified":"2026-09-04T14:07:01","modified_gmt":"2026-09-04T13:07:01","slug":"las-palmas-de-gran-canaria-cortara-al-trafico-nestor-de-la-torre-y-valencia-por-asfaltado-nocturno","status":"publish","type":"post","link":"https:\/\/nublo.tv\/index.php\/2026\/09\/04\/las-palmas-de-gran-canaria-cortara-al-trafico-nestor-de-la-torre-y-valencia-por-asfaltado-nocturno\/","title":{"rendered":"Las Palmas de Gran Canaria cortar\u00e1 al tr\u00e1fico N\u00e9stor de la Torre y Valencia por asfaltado nocturno"},"content":{"rendered":"<p><strong>El Ayuntamiento de Las Palmas de Gran Canaria continuar\u00e1 los trabajos de repavimentaci\u00f3n en el barrio de Alcaravaneras durante las noches del domingo 6 y del martes 8 de septiembre, lo que obligar\u00e1 a cortar el tr\u00e1fico de 22:00 a 6:00 horas en tramos de las calles N\u00e9stor de la Torre y Valencia.<\/strong><\/p>\n<p>Las labores, coordinadas por la Concejal\u00eda de V\u00edas y Obras y Alumbrado, se centrar\u00e1n en la calle N\u00e9stor de la Torre, en el tramo comprendido entre la calle Galicia y Presidente Alvear, y en la calle Valencia, en la zona del Mercado Central.<\/p>\n<p>El concejal del \u00e1rea, Carlos D\u00edaz, se\u00f1al\u00f3 que estas actuaciones forman parte del proyecto municipal para renovar el firme, modernizar el viario y mejorar la circulaci\u00f3n en la zona.<\/p>\n<p>La intervenci\u00f3n se enmarca en un plan que incluye obras ya finalizadas en Escaleritas y Guanarteme, con una inversi\u00f3n global de 2,89 millones de euros. A escala general, el Plan de Asfaltado 2024-2031 prev\u00e9 intervenir en 474 calles del municipio con un presupuesto de 40 millones de euros.<\/p>\n","protected":false},"excerpt":{"rendered":"<p>Las labores se desarrollar\u00e1n durante las noches del domingo 6 y del martes 8 de septiembre, de 22:00 a 6:00 horas, y supondr\u00e1n cortes de tr\u00e1fico en los tramos afectados&hellip;<\/p>\n","protected":false},"author":1,"featured_media":19541,"comment_status":"open","ping_status":"open","sticky":false,"template":"","format":"standard","meta":{"wpai_generated_summary":"","wpai_meta_description":"","footnotes":""},"categories":[132],"tags":[],"class_list":["post-19517","post","type-post","status-publish","format-standard","has-post-thumbnail","hentry","category-ayuntamiento-de-las-palmas-de-gran-canaria"],"_links":{"self":[{"href":"https:\/\/nublo.tv\/index.php\/wp-json\/wp\/v2\/posts\/19517","targetHints":{"allow":["GET"]}}],"collection":[{"href":"https:\/\/nublo.tv\/index.php\/wp-json\/wp\/v2\/posts"}],"about":[{"href":"https:\/\/nublo.tv\/index.php\/wp-json\/wp\/v2\/types\/post"}],"author":[{"embeddable":true,"href":"https:\/\/nublo.tv\/index.php\/wp-json\/wp\/v2\/users\/1"}],"replies":[{"embeddable":true,"href":"https:\/\/nublo.tv\/index.php\/wp-json\/wp\/v2\/comments?post=19517"}],"version-history":[{"count":2,"href":"https:\/\/nublo.tv\/index.php\/wp-json\/wp\/v2\/posts\/19517\/revisions"}],"predecessor-version":[{"id":19556,"href":"https:\/\/nublo.tv\/index.php\/wp-json\/wp\/v2\/posts\/19517\/revisions\/19556"}],"wp:featuredmedia":[{"embeddable":true,"href":"https:\/\/nublo.tv\/index.php\/wp-json\/wp\/v2\/media\/19541"}],"wp:attachment":[{"href":"https:\/\/nublo.tv\/index.php\/wp-json\/wp\/v2\/media?parent=19517"}],"wp:term":[{"taxonomy":"category","embeddable":true,"href":"https:\/\/nublo.tv\/index.php\/wp-json\/wp\/v2\/categories?post=19517"},{"taxonomy":"post_tag","embeddable":true,"href":"https:\/\/nublo.tv\/index.php\/wp-json\/wp\/v2\/tags?post=19517"}],"curies":[{"name":"wp","href":"https:\/\/api.w.org\/{rel}","templated":true}]}}