{"id":19519,"date":"2026-09-04T14:07:08","date_gmt":"2026-09-04T13:07:08","guid":{"rendered":"http:\/\/nublo.tv\/?p=19519"},"modified":"2026-09-04T14:07:08","modified_gmt":"2026-09-04T13:07:08","slug":"el-campus-huertoaventuras-de-verano-concluye-en-las-palmas-de-gran-canaria-con-150-participantes","status":"publish","type":"post","link":"https:\/\/nublo.tv\/index.php\/2026\/09\/04\/el-campus-huertoaventuras-de-verano-concluye-en-las-palmas-de-gran-canaria-con-150-participantes\/","title":{"rendered":"El campus \u2018Huertoaventuras de verano\u2019 concluye en Las Palmas de Gran Canaria con 150 participantes"},"content":{"rendered":"<p><strong>El \u00e1rea de Sostenibilidad Ambiental del Ayuntamiento de Las Palmas de Gran Canaria clausur\u00f3 este viernes la segunda edici\u00f3n del campus \u2018Huertoaventuras de verano\u2019, una iniciativa desarrollada en el Centro de Recursos Ambientales El Pambaso en la que participaron 150 ni\u00f1os y ni\u00f1as a lo largo de seis semanas.<\/strong><\/p>\n<p>La actividad finaliz\u00f3 este 4 de septiembre con la entrega de los diplomas de \u00abS\u00faper hortelanos\u00bb al \u00faltimo grupo de 25 menores. Este recurso municipal, completamente gratuito, permiti\u00f3 facilitar la conciliaci\u00f3n a m\u00e1s de un centenar de familias durante el periodo estival.<\/p>\n<p>El campus, impulsado en 2025 por la concejal\u00eda de Desarrollo Estrat\u00e9gico, Sostenibilidad, Energ\u00eda, Parques y Jardines y Sector Primario, aprovecha en verano los recursos pedag\u00f3gicos destinados durante el curso escolar al programa de Huertos Escolares. La convocatoria volvi\u00f3 a registrar una demanda superior a las plazas ofertadas.<\/p>\n<p>\u00abLa realidad es que la infancia disfruta manch\u00e1ndose las manos de barro, regando y descubriendo c\u00f3mo trabajan en equipo la flora y la fauna para preservar la vida. Les llama la atenci\u00f3n c\u00f3mo las lombrices aportan nutrientes o los sarantontones liberan a las plantas del pulg\u00f3n, y son aprendizajes que no se olvidan. Adem\u00e1s, con experiencias as\u00ed, fomentamos el cuidado del medio ambiente y nuestro futuro\u00bb, explic\u00f3 la concejala del \u00e1rea, Mart\u00ednez Soli\u00f1o.<\/p>\n<p>Junto a las labores de cultivo y cuidado de la huerta, los participantes realizaron actividades en el barranco de Guiniguada para conocer la flora y fauna del entorno, adem\u00e1s de participar en yincanas ambientales y talleres de manualidades con material reciclado. \u00abMe est\u00e1 gustando mucho que estamos con el campo, las plantas y las flores. Hemos regado, plantado, trasplantado y hemos estado con los gusanos y la lombricompostera\u00bb, detall\u00f3 Rub\u00e9n, uno de los asistentes de 10 a\u00f1os.<\/p>\n<p>Durante el desarrollo del campus, las familias tuvieron la oportunidad de visitar la finca agr\u00edcola municipal, y cada menor recibi\u00f3 una planta para continuar aplicando los conocimientos adquiridos en sus hogares.<\/p>\n","protected":false},"excerpt":{"rendered":"<p>Los participantes de \u2018Huertoaventuras de verano\u2019 aprendieron claves para el cultivo y cuidado de plantas, en contacto con la naturaleza \u00a0Las Palmas de Gran Canaria, 4 de septiembre de 2026.&hellip;<\/p>\n","protected":false},"author":1,"featured_media":19539,"comment_status":"open","ping_status":"open","sticky":false,"template":"","format":"standard","meta":{"wpai_generated_summary":"","wpai_meta_description":"","footnotes":""},"categories":[132],"tags":[],"class_list":["post-19519","post","type-post","status-publish","format-standard","has-post-thumbnail","hentry","category-ayuntamiento-de-las-palmas-de-gran-canaria"],"_links":{"self":[{"href":"https:\/\/nublo.tv\/index.php\/wp-json\/wp\/v2\/posts\/19519","targetHints":{"allow":["GET"]}}],"collection":[{"href":"https:\/\/nublo.tv\/index.php\/wp-json\/wp\/v2\/posts"}],"about":[{"href":"https:\/\/nublo.tv\/index.php\/wp-json\/wp\/v2\/types\/post"}],"author":[{"embeddable":true,"href":"https:\/\/nublo.tv\/index.php\/wp-json\/wp\/v2\/users\/1"}],"replies":[{"embeddable":true,"href":"https:\/\/nublo.tv\/index.php\/wp-json\/wp\/v2\/comments?post=19519"}],"version-history":[{"count":2,"href":"https:\/\/nublo.tv\/index.php\/wp-json\/wp\/v2\/posts\/19519\/revisions"}],"predecessor-version":[{"id":19555,"href":"https:\/\/nublo.tv\/index.php\/wp-json\/wp\/v2\/posts\/19519\/revisions\/19555"}],"wp:featuredmedia":[{"embeddable":true,"href":"https:\/\/nublo.tv\/index.php\/wp-json\/wp\/v2\/media\/19539"}],"wp:attachment":[{"href":"https:\/\/nublo.tv\/index.php\/wp-json\/wp\/v2\/media?parent=19519"}],"wp:term":[{"taxonomy":"category","embeddable":true,"href":"https:\/\/nublo.tv\/index.php\/wp-json\/wp\/v2\/categories?post=19519"},{"taxonomy":"post_tag","embeddable":true,"href":"https:\/\/nublo.tv\/index.php\/wp-json\/wp\/v2\/tags?post=19519"}],"curies":[{"name":"wp","href":"https:\/\/api.w.org\/{rel}","templated":true}]}}