{"id":19521,"date":"2026-09-04T14:06:43","date_gmt":"2026-09-04T13:06:43","guid":{"rendered":"https:\/\/nublo.tv\/?p=19521"},"modified":"2026-09-04T14:06:43","modified_gmt":"2026-09-04T13:06:43","slug":"galdar-cortara-al-trafico-la-calle-cristobal-colon-el-miercoles-9-de-septiembre-por-trabajos-en-el-alumbrado","status":"publish","type":"post","link":"https:\/\/nublo.tv\/index.php\/2026\/09\/04\/galdar-cortara-al-trafico-la-calle-cristobal-colon-el-miercoles-9-de-septiembre-por-trabajos-en-el-alumbrado\/","title":{"rendered":"G\u00e1ldar cortar\u00e1 al tr\u00e1fico la calle Crist\u00f3bal Col\u00f3n el mi\u00e9rcoles 9 de septiembre por trabajos en el alumbrado"},"content":{"rendered":"<p><strong>La calle Crist\u00f3bal Col\u00f3n de G\u00e1ldar permanecer\u00e1 cerrada al tr\u00e1fico el pr\u00f3ximo mi\u00e9rcoles 9 de septiembre, entre las 8.30 y las 13.00 horas, debido a la realizaci\u00f3n de trabajos en la red de alumbrado p\u00fablico.<\/strong><\/p>\n<p>El corte afectar\u00e1 al tramo comprendido entre las calles Clavel y Pescadores Hermanos Ortega. Durante el periodo de ejecuci\u00f3n de las obras, se recomienda el acceso a Ca\u00f1ada Honda a trav\u00e9s de la calle Tazirga, en direcci\u00f3n al campo de f\u00fatbol Sebasti\u00e1n Tacoronte, y la salida por Los Lomos y por la calle Pescadores Hermanos Ortega.<\/p>\n<p>El Ayuntamiento de G\u00e1ldar ha solicitado a los conductores que extremen la precauci\u00f3n y respeten la se\u00f1alizaci\u00f3n y las indicaciones establecidas mientras duren los trabajos.<\/p>\n","protected":false},"excerpt":{"rendered":"<p>El Ayuntamiento de G\u00e1ldar informa que el pr\u00f3ximo mi\u00e9rcoles 9 de septiembre la calle Crist\u00f3bal Col\u00f3n permanecer\u00e1 cerrada al tr\u00e1fico entre las 8.30 y las 13.00 horas con motivo de&hellip;<\/p>\n","protected":false},"author":1,"featured_media":19537,"comment_status":"open","ping_status":"open","sticky":false,"template":"","format":"standard","meta":{"wpai_generated_summary":"","wpai_meta_description":"","footnotes":""},"categories":[129],"tags":[],"class_list":["post-19521","post","type-post","status-publish","format-standard","has-post-thumbnail","hentry","category-ayuntamiento-de-galdar"],"_links":{"self":[{"href":"https:\/\/nublo.tv\/index.php\/wp-json\/wp\/v2\/posts\/19521","targetHints":{"allow":["GET"]}}],"collection":[{"href":"https:\/\/nublo.tv\/index.php\/wp-json\/wp\/v2\/posts"}],"about":[{"href":"https:\/\/nublo.tv\/index.php\/wp-json\/wp\/v2\/types\/post"}],"author":[{"embeddable":true,"href":"https:\/\/nublo.tv\/index.php\/wp-json\/wp\/v2\/users\/1"}],"replies":[{"embeddable":true,"href":"https:\/\/nublo.tv\/index.php\/wp-json\/wp\/v2\/comments?post=19521"}],"version-history":[{"count":2,"href":"https:\/\/nublo.tv\/index.php\/wp-json\/wp\/v2\/posts\/19521\/revisions"}],"predecessor-version":[{"id":19554,"href":"https:\/\/nublo.tv\/index.php\/wp-json\/wp\/v2\/posts\/19521\/revisions\/19554"}],"wp:featuredmedia":[{"embeddable":true,"href":"https:\/\/nublo.tv\/index.php\/wp-json\/wp\/v2\/media\/19537"}],"wp:attachment":[{"href":"https:\/\/nublo.tv\/index.php\/wp-json\/wp\/v2\/media?parent=19521"}],"wp:term":[{"taxonomy":"category","embeddable":true,"href":"https:\/\/nublo.tv\/index.php\/wp-json\/wp\/v2\/categories?post=19521"},{"taxonomy":"post_tag","embeddable":true,"href":"https:\/\/nublo.tv\/index.php\/wp-json\/wp\/v2\/tags?post=19521"}],"curies":[{"name":"wp","href":"https:\/\/api.w.org\/{rel}","templated":true}]}}