{"id":19523,"date":"2026-09-04T14:07:14","date_gmt":"2026-09-04T13:07:14","guid":{"rendered":"https:\/\/nublo.tv\/?p=19523"},"modified":"2026-09-04T14:07:14","modified_gmt":"2026-09-04T13:07:14","slug":"santa-maria-de-guia-culmina-la-recuperacion-del-parque-infantil-de-la-plaza-de-san-pablo-en-becerril","status":"publish","type":"post","link":"https:\/\/nublo.tv\/index.php\/2026\/09\/04\/santa-maria-de-guia-culmina-la-recuperacion-del-parque-infantil-de-la-plaza-de-san-pablo-en-becerril\/","title":{"rendered":"Santa Mar\u00eda de Gu\u00eda culmina la recuperaci\u00f3n del parque infantil de la plaza de San Pablo en Becerril"},"content":{"rendered":"<p><strong>El Ayuntamiento de Santa Mar\u00eda de Gu\u00eda ha concluido los trabajos de recuperaci\u00f3n del parque infantil de la plaza de San Pablo, en el barrio de Becerril, tras una inversi\u00f3n de 20.280,78 euros financiada por el Cabildo de Gran Canaria.<\/strong><\/p>\n<p>El acto formal de recepci\u00f3n de la obra cont\u00f3 con la asistencia del primer teniente de alcalde, Jos\u00e9 Manuel Santana, y del concejal de Parques y Jardines, Juan Jim\u00e9nez, acompa\u00f1ados por la interventora y el t\u00e9cnico municipal.<\/p>\n<p>La intervenci\u00f3n devuelve este equipamiento para el juego infantil y el encuentro vecinal, atendiendo a una demanda trasladada por los residentes de la zona.<\/p>\n<p>Respecto a la actuaci\u00f3n, Santana afirm\u00f3 que \u00abla recuperaci\u00f3n de este parque responde a una petici\u00f3n clara de los vecinos de Becerril y demuestra la voluntad del Ayuntamiento de escuchar y atender las necesidades de nuestros barrios\u00bb. Por su parte, Jim\u00e9nez subray\u00f3 que \u00abcon la recepci\u00f3n de esta obra cumplimos el compromiso adquirido con los vecinos y devolvemos a los ni\u00f1os y ni\u00f1as de Becerril un espacio que necesitaban y que ya pueden volver a disfrutar\u00bb.<\/p>\n","protected":false},"excerpt":{"rendered":"<p>El Gobierno municipal culmina una actuaci\u00f3n demandada por los vecinos y pone en valor su compromiso con la mejora de los barrios y de los espacios p\u00fablicos de Santa Mar\u00eda&hellip;<\/p>\n","protected":false},"author":1,"featured_media":19547,"comment_status":"open","ping_status":"open","sticky":false,"template":"","format":"standard","meta":{"wpai_generated_summary":"","wpai_meta_description":"","footnotes":""},"categories":[138],"tags":[],"class_list":["post-19523","post","type-post","status-publish","format-standard","has-post-thumbnail","hentry","category-ayuntamiento-de-santa-maria-de-guia"],"_links":{"self":[{"href":"https:\/\/nublo.tv\/index.php\/wp-json\/wp\/v2\/posts\/19523","targetHints":{"allow":["GET"]}}],"collection":[{"href":"https:\/\/nublo.tv\/index.php\/wp-json\/wp\/v2\/posts"}],"about":[{"href":"https:\/\/nublo.tv\/index.php\/wp-json\/wp\/v2\/types\/post"}],"author":[{"embeddable":true,"href":"https:\/\/nublo.tv\/index.php\/wp-json\/wp\/v2\/users\/1"}],"replies":[{"embeddable":true,"href":"https:\/\/nublo.tv\/index.php\/wp-json\/wp\/v2\/comments?post=19523"}],"version-history":[{"count":2,"href":"https:\/\/nublo.tv\/index.php\/wp-json\/wp\/v2\/posts\/19523\/revisions"}],"predecessor-version":[{"id":19559,"href":"https:\/\/nublo.tv\/index.php\/wp-json\/wp\/v2\/posts\/19523\/revisions\/19559"}],"wp:featuredmedia":[{"embeddable":true,"href":"https:\/\/nublo.tv\/index.php\/wp-json\/wp\/v2\/media\/19547"}],"wp:attachment":[{"href":"https:\/\/nublo.tv\/index.php\/wp-json\/wp\/v2\/media?parent=19523"}],"wp:term":[{"taxonomy":"category","embeddable":true,"href":"https:\/\/nublo.tv\/index.php\/wp-json\/wp\/v2\/categories?post=19523"},{"taxonomy":"post_tag","embeddable":true,"href":"https:\/\/nublo.tv\/index.php\/wp-json\/wp\/v2\/tags?post=19523"}],"curies":[{"name":"wp","href":"https:\/\/api.w.org\/{rel}","templated":true}]}}