{"id":19527,"date":"2026-09-04T13:59:44","date_gmt":"2026-09-04T12:59:44","guid":{"rendered":"https:\/\/nublo.tv\/?p=19527"},"modified":"2026-09-04T13:59:44","modified_gmt":"2026-09-04T12:59:44","slug":"turismo-de-gran-canaria-e-iberia-express-activan-una-campana-conjunta-para-incentivar-las-reservas-desde-la-peninsula","status":"publish","type":"post","link":"https:\/\/nublo.tv\/index.php\/2026\/09\/04\/turismo-de-gran-canaria-e-iberia-express-activan-una-campana-conjunta-para-incentivar-las-reservas-desde-la-peninsula\/","title":{"rendered":"Turismo de Gran Canaria e Iberia Express activan una campa\u00f1a conjunta para incentivar las reservas desde la Pen\u00ednsula"},"content":{"rendered":"<p><strong>Turismo de Gran Canaria e Iberia Express han puesto en marcha una campa\u00f1a de promoci\u00f3n en el mercado peninsular orientada a incentivar la compra de billetes hacia la isla de cara a la pr\u00f3xima temporada de invierno.<\/strong><\/p>\n<p><a class=\"lightbox\" href=\"\/\/www.grancanaria.com\/turismo\/uploads\/pics\/iberia040926__1_.jpg\" target=\"_self\" rel=\"lightbox[1]\"><img loading=\"lazy\" decoding=\"async\" src=\"\/\/www.grancanaria.com\/turismo\/uploads\/pics\/iberia040926__1_.jpg\" alt=\"\" width=\"1920\" height=\"1280\" \/><\/a><a class=\"lightbox\" href=\"\/\/www.grancanaria.com\/turismo\/uploads\/pics\/iberia040926__2_.jpg\" target=\"_self\" rel=\"lightbox[1]\"><img loading=\"lazy\" decoding=\"async\" src=\"\/\/www.grancanaria.com\/turismo\/uploads\/pics\/iberia040926__2_.jpg\" alt=\"\" width=\"1920\" height=\"1280\" \/><\/a><a class=\"lightbox\" href=\"\/\/www.grancanaria.com\/turismo\/uploads\/pics\/iberia040926__3_.jpg\" target=\"_self\" rel=\"lightbox[1]\"><img loading=\"lazy\" decoding=\"async\" src=\"\/\/www.grancanaria.com\/turismo\/uploads\/pics\/iberia040926__3_.jpg\" alt=\"\" width=\"1920\" height=\"1280\" \/><\/a>La iniciativa cuenta con una acci\u00f3n de publicidad exterior en Madrid, donde diez guaguas de la Empresa Municipal de Transportes (EMT) exhiben durante cuatro semanas creatividades de Gran Canaria en rutas de inter\u00e9s comercial, acompa\u00f1adas de ofertas de la compa\u00f1\u00eda a\u00e9rea.<\/p>\n<p>El plan integral abarca acciones directas a los clientes de Iberia Express, contenidos digitales y difusi\u00f3n en redes sociales para mostrar la oferta de descanso, costa, pueblos y turismo activo de la isla, integrando enlaces de reserva directa.<\/p>\n<p>Asimismo, la colaboraci\u00f3n incluye una inserci\u00f3n publicitaria y un contenido especial en la revista de a bordo \u00abRonda\u00bb durante septiembre y octubre, centrado en el paisaje vitivin\u00edcola insular y la Ruta del Vino de Gran Canaria, la \u00fanica certificada en el archipi\u00e9lago. \u00abEntre vi\u00f1as, laderas y volcanes\u00bb<\/p>\n<p>Durante los pr\u00f3ximos meses se incorporar\u00e1n piezas display, p\u00e1ginas de recomendaci\u00f3n de destino en el portal web de la aerol\u00ednea y un viaje de creadores de contenido para generar recomendaciones segmentadas en plataformas digitales. <img decoding=\"async\" src=\"\/fileadmin\/areaprofesional2017\/template\/images\/50aniversario\/logo-50-footer_v2.png\" alt=\"\" \/><img alt=\"\" \/><img alt=\"\" \/><\/p>\n","protected":false},"excerpt":{"rendered":"<p>04 de septiembre, 2026 Turismo de Gran Canaria e Iberia Express han activado una amplia campa\u00f1a conjunta de marketing dirigida al mercado peninsular, con el objetivo de incentivar las reservas&hellip;<\/p>\n","protected":false},"author":1,"featured_media":19551,"comment_status":"open","ping_status":"open","sticky":false,"template":"","format":"standard","meta":{"wpai_generated_summary":"","wpai_meta_description":"","footnotes":""},"categories":[148],"tags":[],"class_list":["post-19527","post","type-post","status-publish","format-standard","has-post-thumbnail","hentry","category-cabildo-de-gran-canaria"],"_links":{"self":[{"href":"https:\/\/nublo.tv\/index.php\/wp-json\/wp\/v2\/posts\/19527","targetHints":{"allow":["GET"]}}],"collection":[{"href":"https:\/\/nublo.tv\/index.php\/wp-json\/wp\/v2\/posts"}],"about":[{"href":"https:\/\/nublo.tv\/index.php\/wp-json\/wp\/v2\/types\/post"}],"author":[{"embeddable":true,"href":"https:\/\/nublo.tv\/index.php\/wp-json\/wp\/v2\/users\/1"}],"replies":[{"embeddable":true,"href":"https:\/\/nublo.tv\/index.php\/wp-json\/wp\/v2\/comments?post=19527"}],"version-history":[{"count":2,"href":"https:\/\/nublo.tv\/index.php\/wp-json\/wp\/v2\/posts\/19527\/revisions"}],"predecessor-version":[{"id":19561,"href":"https:\/\/nublo.tv\/index.php\/wp-json\/wp\/v2\/posts\/19527\/revisions\/19561"}],"wp:featuredmedia":[{"embeddable":true,"href":"https:\/\/nublo.tv\/index.php\/wp-json\/wp\/v2\/media\/19551"}],"wp:attachment":[{"href":"https:\/\/nublo.tv\/index.php\/wp-json\/wp\/v2\/media?parent=19527"}],"wp:term":[{"taxonomy":"category","embeddable":true,"href":"https:\/\/nublo.tv\/index.php\/wp-json\/wp\/v2\/categories?post=19527"},{"taxonomy":"post_tag","embeddable":true,"href":"https:\/\/nublo.tv\/index.php\/wp-json\/wp\/v2\/tags?post=19527"}],"curies":[{"name":"wp","href":"https:\/\/api.w.org\/{rel}","templated":true}]}}