{"id":19531,"date":"2026-09-04T14:06:37","date_gmt":"2026-09-04T13:06:37","guid":{"rendered":"https:\/\/nublo.tv\/?p=19531"},"modified":"2026-09-04T14:06:37","modified_gmt":"2026-09-04T13:06:37","slug":"el-cabildo-de-gran-canaria-dirige-comitiva-en-la-74a-romeria-del-pino","status":"publish","type":"post","link":"https:\/\/nublo.tv\/index.php\/2026\/09\/04\/el-cabildo-de-gran-canaria-dirige-comitiva-en-la-74a-romeria-del-pino\/","title":{"rendered":"El Cabildo de Gran Canaria dirige comitiva en la 74\u00aa Romer\u00eda del Pino"},"content":{"rendered":"<p><strong>El presidente del Cabildo de Gran Canaria, Antonio\u202fMorales, dirigir\u00e1 la delegaci\u00f3n del Gobierno de la isla en la 74\u00aa edici\u00f3n de la Romer\u00eda\u2011Ofrenda a Nuestra Se\u00f1ora del Pino el lunes\u202f7\u202fde septiembre a las 15.30, con salida desde el Casta\u00f1ero\u202fGordo hacia la Plaza del Pino.<\/strong><\/p>\n<p>La comitiva incluye al consejero de Sector Primario, Soberan\u00eda Alimentaria y Seguridad H\u00eddrica, Miguel\u202fHidalgo, y otras integrantes de la Corporaci\u00f3n Insular.<\/p>\n<p>El evento contar\u00e1 con una carreta que transportar\u00e1 m\u00e1s de 1\u202f300\u202fkilos de productos locales agr\u00edcolas y manufacturados, tirada por bueyes del pa\u00eds.<\/p>\n<p>Gran\u202fCanaria, 3 de septiembre de 2026 \u2013 La convocatoria fue publicada en la fecha indicada.<\/p>\n","protected":false},"excerpt":{"rendered":"<p>El presidente del Cabildo de Gran Canaria encabeza la comitiva insular en la 74\u00aa Edici\u00f3n de la Romer\u00eda Ofrenda a la Virgen del Pino &nbsp; D\u00eda: Lunes 7 de septiembre&hellip;<\/p>\n","protected":false},"author":1,"featured_media":19532,"comment_status":"open","ping_status":"open","sticky":false,"template":"","format":"standard","meta":{"wpai_generated_summary":"","wpai_meta_description":"","footnotes":""},"categories":[148],"tags":[],"class_list":["post-19531","post","type-post","status-publish","format-standard","has-post-thumbnail","hentry","category-cabildo-de-gran-canaria"],"_links":{"self":[{"href":"https:\/\/nublo.tv\/index.php\/wp-json\/wp\/v2\/posts\/19531","targetHints":{"allow":["GET"]}}],"collection":[{"href":"https:\/\/nublo.tv\/index.php\/wp-json\/wp\/v2\/posts"}],"about":[{"href":"https:\/\/nublo.tv\/index.php\/wp-json\/wp\/v2\/types\/post"}],"author":[{"embeddable":true,"href":"https:\/\/nublo.tv\/index.php\/wp-json\/wp\/v2\/users\/1"}],"replies":[{"embeddable":true,"href":"https:\/\/nublo.tv\/index.php\/wp-json\/wp\/v2\/comments?post=19531"}],"version-history":[{"count":2,"href":"https:\/\/nublo.tv\/index.php\/wp-json\/wp\/v2\/posts\/19531\/revisions"}],"predecessor-version":[{"id":19552,"href":"https:\/\/nublo.tv\/index.php\/wp-json\/wp\/v2\/posts\/19531\/revisions\/19552"}],"wp:featuredmedia":[{"embeddable":true,"href":"https:\/\/nublo.tv\/index.php\/wp-json\/wp\/v2\/media\/19532"}],"wp:attachment":[{"href":"https:\/\/nublo.tv\/index.php\/wp-json\/wp\/v2\/media?parent=19531"}],"wp:term":[{"taxonomy":"category","embeddable":true,"href":"https:\/\/nublo.tv\/index.php\/wp-json\/wp\/v2\/categories?post=19531"},{"taxonomy":"post_tag","embeddable":true,"href":"https:\/\/nublo.tv\/index.php\/wp-json\/wp\/v2\/tags?post=19531"}],"curies":[{"name":"wp","href":"https:\/\/api.w.org\/{rel}","templated":true}]}}