{"id":19564,"date":"2026-09-04T14:30:12","date_gmt":"2026-09-04T13:30:12","guid":{"rendered":"https:\/\/nublo.tv\/?p=19564"},"modified":"2026-09-04T14:30:12","modified_gmt":"2026-09-04T13:30:12","slug":"la-asociacion-de-vecinos-amagro-de-barrial-entrega-este-viernes-el-primer-amagro-de-oro-al-alcalde-teodoro-sosa","status":"publish","type":"post","link":"https:\/\/nublo.tv\/index.php\/2026\/09\/04\/la-asociacion-de-vecinos-amagro-de-barrial-entrega-este-viernes-el-primer-amagro-de-oro-al-alcalde-teodoro-sosa\/","title":{"rendered":"La Asociaci\u00f3n de Vecinos Amagro de Barrial entrega este viernes el primer \u00abAmagro de Oro\u00bb al alcalde Teodoro Sosa"},"content":{"rendered":"<p><strong>La Asociaci\u00f3n de Vecinos \u00abAmagro\u00bb de Barrial entregar\u00e1 este viernes, a las 21:30 horas en la Plaza Jos\u00e9 Rodr\u00edguez Quintana, la primera edici\u00f3n del galard\u00f3n \u00abAmagro de Oro\u00bb al alcalde de G\u00e1ldar, Teodoro Sosa Monz\u00f3n.<\/strong><\/p>\n<p>Esta nueva distinci\u00f3n, creada por el colectivo vecinal que preside Jos\u00e9 Garc\u00eda, reconoce la trayectoria y el compromiso de personas que hayan contribuido al desarrollo y fortalecimiento de la comunidad. En esta primera entrega, se otorga a Teodoro Sosa por su vinculaci\u00f3n y colaboraci\u00f3n continuada con Barrial y con su movimiento vecinal.<\/p>\n<p>El acto contar\u00e1 con las actuaciones musicales de la Parranda Araguaney y de Amanda Velasco.<\/p>\n<p>Desde el Ayuntamiento de G\u00e1ldar se ha destacado la importancia de las asociaciones vecinales como espacios de participaci\u00f3n y dinamizaci\u00f3n comunitaria en los barrios.<\/p>\n","protected":false},"excerpt":{"rendered":"<p>La Asociaci\u00f3n de Vecinos \u2018Amagro\u2019 de Barrial, presidida por Jos\u00e9 Garc\u00eda, entregar\u00e1 este viernes la primera edici\u00f3n del \u2018Amagro de Oro\u2019, una nueva distinci\u00f3n creada por el colectivo vecinal para&hellip;<\/p>\n","protected":false},"author":1,"featured_media":19576,"comment_status":"open","ping_status":"open","sticky":false,"template":"","format":"standard","meta":{"wpai_generated_summary":"","wpai_meta_description":"","footnotes":""},"categories":[129],"tags":[],"class_list":["post-19564","post","type-post","status-publish","format-standard","has-post-thumbnail","hentry","category-ayuntamiento-de-galdar"],"_links":{"self":[{"href":"https:\/\/nublo.tv\/index.php\/wp-json\/wp\/v2\/posts\/19564","targetHints":{"allow":["GET"]}}],"collection":[{"href":"https:\/\/nublo.tv\/index.php\/wp-json\/wp\/v2\/posts"}],"about":[{"href":"https:\/\/nublo.tv\/index.php\/wp-json\/wp\/v2\/types\/post"}],"author":[{"embeddable":true,"href":"https:\/\/nublo.tv\/index.php\/wp-json\/wp\/v2\/users\/1"}],"replies":[{"embeddable":true,"href":"https:\/\/nublo.tv\/index.php\/wp-json\/wp\/v2\/comments?post=19564"}],"version-history":[{"count":3,"href":"https:\/\/nublo.tv\/index.php\/wp-json\/wp\/v2\/posts\/19564\/revisions"}],"predecessor-version":[{"id":19582,"href":"https:\/\/nublo.tv\/index.php\/wp-json\/wp\/v2\/posts\/19564\/revisions\/19582"}],"wp:featuredmedia":[{"embeddable":true,"href":"https:\/\/nublo.tv\/index.php\/wp-json\/wp\/v2\/media\/19576"}],"wp:attachment":[{"href":"https:\/\/nublo.tv\/index.php\/wp-json\/wp\/v2\/media?parent=19564"}],"wp:term":[{"taxonomy":"category","embeddable":true,"href":"https:\/\/nublo.tv\/index.php\/wp-json\/wp\/v2\/categories?post=19564"},{"taxonomy":"post_tag","embeddable":true,"href":"https:\/\/nublo.tv\/index.php\/wp-json\/wp\/v2\/tags?post=19564"}],"curies":[{"name":"wp","href":"https:\/\/api.w.org\/{rel}","templated":true}]}}