{"id":19566,"date":"2026-09-04T14:28:45","date_gmt":"2026-09-04T13:28:45","guid":{"rendered":"https:\/\/nublo.tv\/?p=19566"},"modified":"2026-09-04T14:28:45","modified_gmt":"2026-09-04T13:28:45","slug":"turismo-de-gran-canaria-impulsa-la-digitalizacion-y-sostenibilidad-en-los-alojamientos-de-san-bartolome-de-tirajana","status":"publish","type":"post","link":"https:\/\/nublo.tv\/index.php\/2026\/09\/04\/turismo-de-gran-canaria-impulsa-la-digitalizacion-y-sostenibilidad-en-los-alojamientos-de-san-bartolome-de-tirajana\/","title":{"rendered":"Turismo de Gran Canaria impulsa la digitalizaci\u00f3n y sostenibilidad en los alojamientos de San Bartolom\u00e9 de Tirajana"},"content":{"rendered":"<p><strong>Turismo de Gran Canaria contin\u00faa con el desarrollo del programa Impulsa Alojamientos SBT, una iniciativa destinada a mejorar la competitividad, la innovaci\u00f3n, la digitalizaci\u00f3n y la sostenibilidad de los establecimientos tur\u00edsticos de alojamiento en San Bartolom\u00e9 de Tirajana.<\/strong><\/p>\n<p><a class=\"lightbox\" href=\"\/\/www.grancanaria.com\/turismo\/uploads\/pics\/20260903_163420.jpg\" target=\"_self\" rel=\"lightbox[1]\"><img loading=\"lazy\" decoding=\"async\" src=\"\/\/www.grancanaria.com\/turismo\/uploads\/pics\/20260903_163420.jpg\" alt=\"\" width=\"4000\" height=\"3000\" \/><\/a><\/p>\n<p>Esta actuaci\u00f3n da continuidad a una fase previa de diagn\u00f3stico del sector local, en la que se evaluaron consumos, oferta, certificaci\u00f3n y comercializaci\u00f3n. A partir de esos datos, el proyecto ha desplegado formaci\u00f3n especializada, encuentros profesionales y un servicio de acompa\u00f1amiento t\u00e9cnico individualizado.<\/p>\n<p>El director del programa y de la consultora Social Gob, Fernando Varela, explic\u00f3 que la iniciativa busca que la sostenibilidad, la innovaci\u00f3n y la digitalizaci\u00f3n \u00abse traduzcan en decisiones concretas dentro de los establecimientos, aport\u00e1ndoles conocimiento, herramientas y acompa\u00f1amiento especializado para mejorar su competitividad\u00bb.<\/p>\n<p>El programa aborda procesos como la gesti\u00f3n de reservas, la conectividad de canales, la comunicaci\u00f3n con hu\u00e9spedes, el uso de inteligencia artificial y el an\u00e1lisis estrat\u00e9gico de datos para la toma de decisiones.<\/p>\n<p>En el plano medioambiental, la iniciativa profundiza en el c\u00e1lculo de la huella de carbono, eficiencia energ\u00e9tica, econom\u00eda circular, indicadores ESG y los requisitos de la Directiva (UE) 2024\/825 sobre transparencia ambiental y prevenci\u00f3n del \u00abgreenwashing\u00bb, aplicable desde septiembre de 2026.<\/p>\n<p>Tras las sesiones virtuales de agosto, el Centro Insular de Turismo de Gran Canaria, en Playa del Ingl\u00e9s, acoge un ciclo de encuentros presenciales iniciado el 3 de septiembre, con pr\u00f3ximas sesiones los d\u00edas 10 y 16 de septiembre bajo el lema \u00abHagamos destino: el futuro de San Bartolom\u00e9 de Tirajana lo construimos entre todos\u00bb.<\/p>\n<p>Sobre estas citas, Varela se\u00f1al\u00f3 que el objetivo es \u00abmirar m\u00e1s all\u00e1 del alojamiento y pensar en el destino en su conjunto\u00bb para aprovechar la experiencia empresarial local frente a los retos futuros.<\/p>\n<p>Los establecimientos del municipio disponen tambi\u00e9n de un servicio gratuito de asesoramiento t\u00e9cnico personalizado en estrategia, marketing, innovaci\u00f3n de producto y gesti\u00f3n ambiental, con inscripciones abiertas a trav\u00e9s de <a href=\"mailto:programa@socialgob.org\">programa@socialgob.org<\/a> o en el <a href=\"https:\/\/docs.google.com\/forms\/d\/e\/1FAIpQLSeHSgqAvik-OTvEZ717NkaIjMxa262Tv4Tu761xua3kRmxpTg\/viewform?pli=1\" target=\"_top\">formulario de inscripci\u00f3n<\/a>.<\/p>\n<p>Impulsa Alojamientos SBT se integra en el Plan de Sostenibilidad Tur\u00edstica en Destino \u00abImpulsa Maspalomas\u00bb, promovido por la Consejer\u00eda de Turismo del Cabildo de Gran Canaria y financiado por la Uni\u00f3n Europea mediante los fondos NextGenerationEU, dentro del Plan de Recuperaci\u00f3n, Transformaci\u00f3n y Resiliencia.<\/p>\n","protected":false},"excerpt":{"rendered":"<p>04 de septiembre, 2026 Turismo de Gran Canaria contin\u00faa avanzando en el desarrollo del programa\u00a0Impulsa Alojamientos SBT, una iniciativa estrat\u00e9gica orientada a potenciar la competitividad, la innovaci\u00f3n, la digitalizaci\u00f3n y&hellip;<\/p>\n","protected":false},"author":1,"featured_media":19578,"comment_status":"open","ping_status":"open","sticky":false,"template":"","format":"standard","meta":{"wpai_generated_summary":"","wpai_meta_description":"","footnotes":""},"categories":[148],"tags":[],"class_list":["post-19566","post","type-post","status-publish","format-standard","has-post-thumbnail","hentry","category-cabildo-de-gran-canaria"],"_links":{"self":[{"href":"https:\/\/nublo.tv\/index.php\/wp-json\/wp\/v2\/posts\/19566","targetHints":{"allow":["GET"]}}],"collection":[{"href":"https:\/\/nublo.tv\/index.php\/wp-json\/wp\/v2\/posts"}],"about":[{"href":"https:\/\/nublo.tv\/index.php\/wp-json\/wp\/v2\/types\/post"}],"author":[{"embeddable":true,"href":"https:\/\/nublo.tv\/index.php\/wp-json\/wp\/v2\/users\/1"}],"replies":[{"embeddable":true,"href":"https:\/\/nublo.tv\/index.php\/wp-json\/wp\/v2\/comments?post=19566"}],"version-history":[{"count":2,"href":"https:\/\/nublo.tv\/index.php\/wp-json\/wp\/v2\/posts\/19566\/revisions"}],"predecessor-version":[{"id":19583,"href":"https:\/\/nublo.tv\/index.php\/wp-json\/wp\/v2\/posts\/19566\/revisions\/19583"}],"wp:featuredmedia":[{"embeddable":true,"href":"https:\/\/nublo.tv\/index.php\/wp-json\/wp\/v2\/media\/19578"}],"wp:attachment":[{"href":"https:\/\/nublo.tv\/index.php\/wp-json\/wp\/v2\/media?parent=19566"}],"wp:term":[{"taxonomy":"category","embeddable":true,"href":"https:\/\/nublo.tv\/index.php\/wp-json\/wp\/v2\/categories?post=19566"},{"taxonomy":"post_tag","embeddable":true,"href":"https:\/\/nublo.tv\/index.php\/wp-json\/wp\/v2\/tags?post=19566"}],"curies":[{"name":"wp","href":"https:\/\/api.w.org\/{rel}","templated":true}]}}