{"id":19568,"date":"2026-09-04T14:30:06","date_gmt":"2026-09-04T13:30:06","guid":{"rendered":"https:\/\/nublo.tv\/?p=19568"},"modified":"2026-09-04T14:30:06","modified_gmt":"2026-09-04T13:30:06","slug":"morales-y-medina-se-reunen-con-el-nuevo-director-general-de-la-fundacion-teatro-auditorio","status":"publish","type":"post","link":"https:\/\/nublo.tv\/index.php\/2026\/09\/04\/morales-y-medina-se-reunen-con-el-nuevo-director-general-de-la-fundacion-teatro-auditorio\/","title":{"rendered":"Morales y Medina se re\u00fanen con el nuevo director general de la Fundaci\u00f3n Teatro-Auditorio"},"content":{"rendered":"<p><strong>El presidente del Cabildo de Gran Canaria, Antonio Morales, y la consejera de Cultura, Guacimara Medina, mantuvieron un encuentro este 4 de septiembre de 2026 con el nuevo director general de la Fundaci\u00f3n Teatro-Auditorio para conocer de primera mano su proyecto y repasar las l\u00edneas maestras de la nueva etapa.<\/strong><\/p>\n<p>Durante la reuni\u00f3n, en la que se abord\u00f3 la labor del Gobierno insular como patrono de la entidad, se subray\u00f3 la importancia de mantener la coordinaci\u00f3n con el conjunto de infraestructuras y servicios culturales de titularidad del Cabildo de Gran Canaria.<\/p>\n","protected":false},"excerpt":{"rendered":"<p>Gran Canaria, 4 de septiembre de 2026 &#8211; El presidente del Cabildo de Gran Canaria, Antonio Morales, y la consejera de Cultura, Guacimara Medina, mantuvieron esta ma\u00f1ana un encuentro con&hellip;<\/p>\n","protected":false},"author":1,"featured_media":19572,"comment_status":"open","ping_status":"open","sticky":false,"template":"","format":"standard","meta":{"wpai_generated_summary":"","wpai_meta_description":"","footnotes":""},"categories":[148],"tags":[],"class_list":["post-19568","post","type-post","status-publish","format-standard","has-post-thumbnail","hentry","category-cabildo-de-gran-canaria"],"_links":{"self":[{"href":"https:\/\/nublo.tv\/index.php\/wp-json\/wp\/v2\/posts\/19568","targetHints":{"allow":["GET"]}}],"collection":[{"href":"https:\/\/nublo.tv\/index.php\/wp-json\/wp\/v2\/posts"}],"about":[{"href":"https:\/\/nublo.tv\/index.php\/wp-json\/wp\/v2\/types\/post"}],"author":[{"embeddable":true,"href":"https:\/\/nublo.tv\/index.php\/wp-json\/wp\/v2\/users\/1"}],"replies":[{"embeddable":true,"href":"https:\/\/nublo.tv\/index.php\/wp-json\/wp\/v2\/comments?post=19568"}],"version-history":[{"count":2,"href":"https:\/\/nublo.tv\/index.php\/wp-json\/wp\/v2\/posts\/19568\/revisions"}],"predecessor-version":[{"id":19581,"href":"https:\/\/nublo.tv\/index.php\/wp-json\/wp\/v2\/posts\/19568\/revisions\/19581"}],"wp:featuredmedia":[{"embeddable":true,"href":"https:\/\/nublo.tv\/index.php\/wp-json\/wp\/v2\/media\/19572"}],"wp:attachment":[{"href":"https:\/\/nublo.tv\/index.php\/wp-json\/wp\/v2\/media?parent=19568"}],"wp:term":[{"taxonomy":"category","embeddable":true,"href":"https:\/\/nublo.tv\/index.php\/wp-json\/wp\/v2\/categories?post=19568"},{"taxonomy":"post_tag","embeddable":true,"href":"https:\/\/nublo.tv\/index.php\/wp-json\/wp\/v2\/tags?post=19568"}],"curies":[{"name":"wp","href":"https:\/\/api.w.org\/{rel}","templated":true}]}}