{"id":19584,"date":"2026-09-04T20:42:02","date_gmt":"2026-09-04T19:42:02","guid":{"rendered":"https:\/\/nublo.tv\/?p=19584"},"modified":"2026-09-04T20:42:02","modified_gmt":"2026-09-04T19:42:02","slug":"unifest-2026-abre-la-plaza-grande-de-guia-a-la-musica-juvenil-el-25-de-septiembre","status":"publish","type":"post","link":"https:\/\/nublo.tv\/index.php\/2026\/09\/04\/unifest-2026-abre-la-plaza-grande-de-guia-a-la-musica-juvenil-el-25-de-septiembre\/","title":{"rendered":"UNIFEST 2026 abre la Plaza Grande de Gu\u00eda a la m\u00fasica juvenil el 25 de septiembre"},"content":{"rendered":"<p><strong>El Ayuntamiento de Gu\u00eda ha anunciado que el 25 de septiembre de 2026 la Plaza Grande acoger\u00e1 la jornada festiva UNIFEST 2026, con entrada libre y m\u00fasica a partir de las 17:00 horas.<\/strong><\/p>\n<p>La Plaza Grande ser\u00e1 el escenario de una jornada de m\u00fasica y encuentro juvenil que incluir\u00e1 actuaciones de Q Chimba, Kilian Viera, Furia Joven y varios DJs.<\/p>\n<p>El evento contar\u00e1 con un amplio programa musical a cargo de DJ Brian de la Cruz, Q Chimba, DJ Aythami Campos, Kilian Viera, Furia Joven y DJ Estro, que ir\u00e1n tomando el relevo durante toda la tarde y la noche.<\/p>\n<p>UNIFEST 2026 se enmarca en la estrategia del Ayuntamiento para consolidar a Gu\u00eda como Ciudad Universitaria y fomentar nuevas oportunidades de ocio y participaci\u00f3n para la juventud.<\/p>\n<p>El alcalde de Santa Mar\u00eda de Gu\u00eda, Alfredo Gon\u00e7alves, destac\u00f3 que \u00abGu\u00eda tiene una oportunidad extraordinaria para seguir creciendo como Ciudad Universitaria. Tener una universidad en nuestro municipio no puede significar \u00fanicamente disponer de un lugar donde estudiar; queremos que la comunidad universitaria forme parte de Gu\u00eda, que participe de nuestra vida social, cultural y comercial y que encuentre aqu\u00ed una ciudad abierta, din\u00e1mica y con propuestas pensadas tambi\u00e9n para los j\u00f3venes\u00bb.<\/p>\n<p>Gon\u00e7alves a\u00f1adi\u00f3 que \u00abUNIFEST nace precisamente con ese esp\u00edritu, sacar la vida universitaria a la calle, encontrarnos en el coraz\u00f3n de la ciudad y crear espacios donde estudiantes, j\u00f3venes del municipio y vecinos puedan compartir y disfrutar juntos\u00bb.<\/p>\n<p>El regidor guiense agradeci\u00f3 especialmente la implicaci\u00f3n de la Universidad Fernando Pessoa Canarias, resaltando la importancia de \u00abseguir estrechando la colaboraci\u00f3n entre la instituci\u00f3n universitaria y el Ayuntamiento para desarrollar proyectos que repercutan no solo en sus estudiantes, sino en el conjunto de Gu\u00eda\u00bb.<\/p>\n<p>La celebraci\u00f3n tendr\u00e1 como escenario la Plaza Grande, reforzando la apuesta municipal por llevar la actividad juvenil al centro urbano y contribuir a dinamizar sus calles, establecimientos y espacios p\u00fablicos.<\/p>\n<p>Con UNIFEST 2026, Gu\u00eda avanza en su proyecto de Ciudad Universitaria, entendiendo la presencia de la universidad como una oportunidad para generar actividad, atraer juventud y crear nuevas sinergias educativas, culturales, sociales y econ\u00f3micas.<\/p>\n<p><img loading=\"lazy\" decoding=\"async\" class=\" wp-image-55091 aligncenter\" src=\"https:\/\/santamariadeguia.es\/wp-content\/uploads\/2026\/09\/WhatsApp-Image-2026-09-04-at-14.23.10-225x300.jpeg\" alt=\"\" width=\"516\" height=\"688\" \/><\/p>\n","protected":false},"excerpt":{"rendered":"<p>La Plaza Grande acoger\u00e1 a partir de las 17:00 horas una jornada de m\u00fasica y encuentro juvenil con Q Chimba, Kilian Viera, Furia Joven y varios DJsGu\u00eda, 4 de septiembre&hellip;<\/p>\n","protected":false},"author":1,"featured_media":19669,"comment_status":"open","ping_status":"open","sticky":false,"template":"","format":"standard","meta":{"wpai_generated_summary":"","wpai_meta_description":"","footnotes":""},"categories":[138],"tags":[],"class_list":["post-19584","post","type-post","status-publish","format-standard","has-post-thumbnail","hentry","category-ayuntamiento-de-santa-maria-de-guia"],"_links":{"self":[{"href":"https:\/\/nublo.tv\/index.php\/wp-json\/wp\/v2\/posts\/19584","targetHints":{"allow":["GET"]}}],"collection":[{"href":"https:\/\/nublo.tv\/index.php\/wp-json\/wp\/v2\/posts"}],"about":[{"href":"https:\/\/nublo.tv\/index.php\/wp-json\/wp\/v2\/types\/post"}],"author":[{"embeddable":true,"href":"https:\/\/nublo.tv\/index.php\/wp-json\/wp\/v2\/users\/1"}],"replies":[{"embeddable":true,"href":"https:\/\/nublo.tv\/index.php\/wp-json\/wp\/v2\/comments?post=19584"}],"version-history":[{"count":2,"href":"https:\/\/nublo.tv\/index.php\/wp-json\/wp\/v2\/posts\/19584\/revisions"}],"predecessor-version":[{"id":19667,"href":"https:\/\/nublo.tv\/index.php\/wp-json\/wp\/v2\/posts\/19584\/revisions\/19667"}],"wp:featuredmedia":[{"embeddable":true,"href":"https:\/\/nublo.tv\/index.php\/wp-json\/wp\/v2\/media\/19669"}],"wp:attachment":[{"href":"https:\/\/nublo.tv\/index.php\/wp-json\/wp\/v2\/media?parent=19584"}],"wp:term":[{"taxonomy":"category","embeddable":true,"href":"https:\/\/nublo.tv\/index.php\/wp-json\/wp\/v2\/categories?post=19584"},{"taxonomy":"post_tag","embeddable":true,"href":"https:\/\/nublo.tv\/index.php\/wp-json\/wp\/v2\/tags?post=19584"}],"curies":[{"name":"wp","href":"https:\/\/api.w.org\/{rel}","templated":true}]}}