{"id":19586,"date":"2026-09-04T20:41:43","date_gmt":"2026-09-04T19:41:43","guid":{"rendered":"https:\/\/nublo.tv\/?p=19586"},"modified":"2026-09-04T20:41:43","modified_gmt":"2026-09-04T19:41:43","slug":"las-palmas-de-gran-canaria-y-victoria-refuerzan-su-alianza-cultural-de-cara-a-la-capitalidad-europea-2031","status":"publish","type":"post","link":"https:\/\/nublo.tv\/index.php\/2026\/09\/04\/las-palmas-de-gran-canaria-y-victoria-refuerzan-su-alianza-cultural-de-cara-a-la-capitalidad-europea-2031\/","title":{"rendered":"Las Palmas de Gran Canaria y Victoria refuerzan su alianza cultural de cara a la Capitalidad Europea 2031"},"content":{"rendered":"<p><strong>La alcaldesa de Las Palmas de Gran Canaria, Carolina Darias, ha recibido este viernes en las Casas Consistoriales al alcalde de Victoria (Malta), Brian Azzopardi, en un encuentro institucional orientado a estrechar la cooperaci\u00f3n cultural de ambos territorios insulares con la mirada puesta en la Capital Europea de la Cultura 2031.<\/strong><\/p>\n<p>La visita, en la que Azzopardi estuvo acompa\u00f1ado por los concejales Joseph Debrincat y Josef Schembri, da continuidad a la reuni\u00f3n celebrada el pasado mes de julio en la capital de la isla de Gozo (G\u0127awdex). Victoria ya ha sido designada por Malta como Capital Europea de la Cultura 2031, mientras que Las Palmas de Gran Canaria se encuentra en la fase final del proceso de selecci\u00f3n espa\u00f1ol.<\/p>\n<p>Durante la recepci\u00f3n, el regidor malt\u00e9s firm\u00f3 en el Libro de Honor de la ciudad. Darias destac\u00f3 la relevancia de compartir experiencias y avanzar conjuntamente hacia 2031, remarcando los lazos hist\u00f3ricos entre Canarias y Malta y el inicio de la cooperaci\u00f3n art\u00edstica directa. Por su parte, Azzopardi defendi\u00f3 el mensaje de cohesi\u00f3n que supondr\u00eda para la Uni\u00f3n Europea la elecci\u00f3n de dos territorios insulares y perif\u00e9ricos, especialmente ante el auge del euroescepticismo.<\/p>\n<p>La agenda institucional incluy\u00f3 un recorrido hist\u00f3rico por el barrio de Vegueta guiado por el divulgador Dieguito Flores, donde se abord\u00f3 la vinculaci\u00f3n hist\u00f3rica con Malta reflejada en enclaves como la calle de Los Malteses, en el entorno de Triana.<\/p>\n<p>Posteriormente, la delegaci\u00f3n visit\u00f3 el Museo Castillo de Mata para conocer la muestra \u00abREBEL WALLS. Urban Stories\u00bb, que re\u00fane intervenciones de 14 creadores urbanos. El espacio alberg\u00f3 durante el mes de agosto una residencia art\u00edstica con los creadores malteses Jason Joe Farrugia y Cynthia Saliba, procedentes de Gozo, lo que supuso la primera colaboraci\u00f3n art\u00edstica materializada entre ambas candidaturas.<\/p>\n","protected":false},"excerpt":{"rendered":"<p>El alcalde de Victoria, Brian Azzopardi, comparte con Las Palmas de Gran Canaria su experiencia como ciudad designada por Malta como candidata para la Capital Europea de la Cultura 2031La&hellip;<\/p>\n","protected":false},"author":1,"featured_media":19658,"comment_status":"open","ping_status":"open","sticky":false,"template":"","format":"standard","meta":{"wpai_generated_summary":"","wpai_meta_description":"","footnotes":""},"categories":[132],"tags":[],"class_list":["post-19586","post","type-post","status-publish","format-standard","has-post-thumbnail","hentry","category-ayuntamiento-de-las-palmas-de-gran-canaria"],"_links":{"self":[{"href":"https:\/\/nublo.tv\/index.php\/wp-json\/wp\/v2\/posts\/19586","targetHints":{"allow":["GET"]}}],"collection":[{"href":"https:\/\/nublo.tv\/index.php\/wp-json\/wp\/v2\/posts"}],"about":[{"href":"https:\/\/nublo.tv\/index.php\/wp-json\/wp\/v2\/types\/post"}],"author":[{"embeddable":true,"href":"https:\/\/nublo.tv\/index.php\/wp-json\/wp\/v2\/users\/1"}],"replies":[{"embeddable":true,"href":"https:\/\/nublo.tv\/index.php\/wp-json\/wp\/v2\/comments?post=19586"}],"version-history":[{"count":2,"href":"https:\/\/nublo.tv\/index.php\/wp-json\/wp\/v2\/posts\/19586\/revisions"}],"predecessor-version":[{"id":19657,"href":"https:\/\/nublo.tv\/index.php\/wp-json\/wp\/v2\/posts\/19586\/revisions\/19657"}],"wp:featuredmedia":[{"embeddable":true,"href":"https:\/\/nublo.tv\/index.php\/wp-json\/wp\/v2\/media\/19658"}],"wp:attachment":[{"href":"https:\/\/nublo.tv\/index.php\/wp-json\/wp\/v2\/media?parent=19586"}],"wp:term":[{"taxonomy":"category","embeddable":true,"href":"https:\/\/nublo.tv\/index.php\/wp-json\/wp\/v2\/categories?post=19586"},{"taxonomy":"post_tag","embeddable":true,"href":"https:\/\/nublo.tv\/index.php\/wp-json\/wp\/v2\/tags?post=19586"}],"curies":[{"name":"wp","href":"https:\/\/api.w.org\/{rel}","templated":true}]}}