{"id":19588,"date":"2026-09-04T20:41:56","date_gmt":"2026-09-04T19:41:56","guid":{"rendered":"https:\/\/nublo.tv\/?p=19588"},"modified":"2026-09-04T20:41:56","modified_gmt":"2026-09-04T19:41:56","slug":"el-festival-temudas-reunira-a-53-companias-en-13-escenarios-de-las-palmas-de-gran-canaria","status":"publish","type":"post","link":"https:\/\/nublo.tv\/index.php\/2026\/09\/04\/el-festival-temudas-reunira-a-53-companias-en-13-escenarios-de-las-palmas-de-gran-canaria\/","title":{"rendered":"El festival TEMUDAS reunir\u00e1 a 53 compa\u00f1\u00edas en 13 escenarios de Las Palmas de Gran Canaria"},"content":{"rendered":"<p><strong>La 30.\u00aa edici\u00f3n del Festival de Teatro, M\u00fasica y Danza de Las Palmas de Gran Canaria (TEMUDAS) reunir\u00e1 del 10 al 26 de septiembre a 53 compa\u00f1\u00edas que ofrecer\u00e1n casi un centenar de funciones en 13 escenarios de la capital.<\/strong><\/p>\n<p>El cartel de esta edici\u00f3n conmemorativa incluye 15 propuestas de origen local, 27 del resto de Espa\u00f1a y 10 internacionales, que se distribuir\u00e1n entre el Teatro P\u00e9rez Gald\u00f3s, el entorno del parque Santa Catalina y la zona portuaria.<\/p>\n<p>La inauguraci\u00f3n tendr\u00e1 lugar en el Teatro P\u00e9rez Gald\u00f3s con el espect\u00e1culo \u00abAfanador\u00bb, interpretado por el Ballet Nacional de Espa\u00f1a bajo la direcci\u00f3n de Rub\u00e9n Olmo. El coliseo capitalino acoger\u00e1 tambi\u00e9n dos representaciones de la coproducci\u00f3n \u00abLibert\u00e9, el despertar del ser\u00bb, de Roc\u00edo Pozo.<\/p>\n<p>Una semana despu\u00e9s de la apertura, la actividad se trasladar\u00e1 al parque Santa Catalina y sus alrededores, donde se celebrar\u00e1n hasta 56 funciones. En la plaza de Canarias se ubicar\u00e1n cinco escenarios: el C (Paseo Mar\u00edtimo), con 21 funciones de danza a cargo de 12 compa\u00f1\u00edas; el D (hacia el Puerto), con 16 pases y una decena de productoras; el E, con seis representaciones de teatro de calle y funambulismo con m\u00fasica en directo de tres compa\u00f1\u00edas; el F, con nueve citas de teatro familiar y circo ofrecidas por cinco productoras; y el G, destinado a dos formaciones internacionales en cuatro ocasiones con dos pases cada una.<\/p>\n<p>En la trasera del parque Santa Catalina se instalar\u00e1n dos espacios adicionales: el escenario A, con seis pases de circo, ballet, teatro de texto y el concierto de la Banda Sinf\u00f3nica Municipal a cargo de seis productoras; y el escenario B, enfocado al circo con 13 funciones de ocho agrupaciones. Por su parte, el interior del parque Santa Catalina albergar\u00e1 tres representaciones de dos compa\u00f1\u00edas.<\/p>\n<p>Otras localizaciones del festival ser\u00e1n la marquesina del Frente Mar\u00edtimo, con seis pases de teatro inmersivo; los soportales del edificio Miller, que acoger\u00e1n en ocho sesiones un hospital para libros; y la fachada del Museo Elder de la Ciencia y la Tecnolog\u00eda, donde se desarrollar\u00e1 una pieza de danza vertical.<\/p>\n<p>La terminal de contenedores de Boluda Corporaci\u00f3n Mar\u00edtima, en el Puerto de Las Palmas, volver\u00e1 a acoger el concierto al aire libre de la Orquesta Filarm\u00f3nica de Gran Canaria. Asimismo, el festival habilitar\u00e1 un \u00e1rea gastron\u00f3mica en la plaza de Canarias, junto al intercambiador, equipada con cuatro veh\u00edculos de comida y un puesto de bebidas de la Compa\u00f1\u00eda Cervecera de Canarias.<\/p>\n","protected":false},"excerpt":{"rendered":"<p>La efem\u00e9ride reunir\u00e1 a 53 compa\u00f1\u00edas que ofrecer\u00e1n casi un centenar de funciones que transformar\u00e1n la ciudad, del 10 al 26 de septiembre, en un aut\u00e9ntico escaparate de las artes&hellip;<\/p>\n","protected":false},"author":1,"featured_media":19662,"comment_status":"open","ping_status":"open","sticky":false,"template":"","format":"standard","meta":{"wpai_generated_summary":"","wpai_meta_description":"","footnotes":""},"categories":[132],"tags":[],"class_list":["post-19588","post","type-post","status-publish","format-standard","has-post-thumbnail","hentry","category-ayuntamiento-de-las-palmas-de-gran-canaria"],"_links":{"self":[{"href":"https:\/\/nublo.tv\/index.php\/wp-json\/wp\/v2\/posts\/19588","targetHints":{"allow":["GET"]}}],"collection":[{"href":"https:\/\/nublo.tv\/index.php\/wp-json\/wp\/v2\/posts"}],"about":[{"href":"https:\/\/nublo.tv\/index.php\/wp-json\/wp\/v2\/types\/post"}],"author":[{"embeddable":true,"href":"https:\/\/nublo.tv\/index.php\/wp-json\/wp\/v2\/users\/1"}],"replies":[{"embeddable":true,"href":"https:\/\/nublo.tv\/index.php\/wp-json\/wp\/v2\/comments?post=19588"}],"version-history":[{"count":2,"href":"https:\/\/nublo.tv\/index.php\/wp-json\/wp\/v2\/posts\/19588\/revisions"}],"predecessor-version":[{"id":19661,"href":"https:\/\/nublo.tv\/index.php\/wp-json\/wp\/v2\/posts\/19588\/revisions\/19661"}],"wp:featuredmedia":[{"embeddable":true,"href":"https:\/\/nublo.tv\/index.php\/wp-json\/wp\/v2\/media\/19662"}],"wp:attachment":[{"href":"https:\/\/nublo.tv\/index.php\/wp-json\/wp\/v2\/media?parent=19588"}],"wp:term":[{"taxonomy":"category","embeddable":true,"href":"https:\/\/nublo.tv\/index.php\/wp-json\/wp\/v2\/categories?post=19588"},{"taxonomy":"post_tag","embeddable":true,"href":"https:\/\/nublo.tv\/index.php\/wp-json\/wp\/v2\/tags?post=19588"}],"curies":[{"name":"wp","href":"https:\/\/api.w.org\/{rel}","templated":true}]}}