{"id":19590,"date":"2026-09-04T20:41:49","date_gmt":"2026-09-04T19:41:49","guid":{"rendered":"https:\/\/nublo.tv\/?p=19590"},"modified":"2026-09-04T20:41:49","modified_gmt":"2026-09-04T19:41:49","slug":"schamann-presenta-el-programa-de-las-fiestas-de-los-dolores-con-el-regreso-de-la-romeria-como-acto-central","status":"publish","type":"post","link":"https:\/\/nublo.tv\/index.php\/2026\/09\/04\/schamann-presenta-el-programa-de-las-fiestas-de-los-dolores-con-el-regreso-de-la-romeria-como-acto-central\/","title":{"rendered":"Schamann presenta el programa de las Fiestas de Los Dolores con el regreso de la romer\u00eda como acto central"},"content":{"rendered":"<p><strong>El barrio de Schamann, en Las Palmas de Gran Canaria, celebrar\u00e1 a partir del pr\u00f3ximo viernes 11 de septiembre sus tradicionales Fiestas de Los Dolores con un programa de actos culturales, musicales, infantiles y religiosos organizado por el Ayuntamiento capitalino y la Asociaci\u00f3n Cultural Schamann Siglo XXI.<\/strong><\/p>\n<p>El programa festivo fue presentado por la concejala de Fiestas y del Distrito Ciudad Alta, Betsaida Gonz\u00e1lez, y por el representante de la comisi\u00f3n de fiestas y del colectivo vecinal, Emmanuel Cozar. El cartel de la presente edici\u00f3n reproduce la obra \u00abCasa de Schamann\u00bb, del artista grancanario Felo Monz\u00f3n Grau-Bassas, cedida para la ocasi\u00f3n por sus familiares.<\/p>\n<p>La apertura oficial tendr\u00e1 lugar el viernes 11 de septiembre a las 18:00 horas con el pasacalle de papag\u00fcevos desde Casas Chicas. La jornada continuar\u00e1 a las 20:00 horas con el pesaje de boxeo en la plaza de Don Benito, el preg\u00f3n a cargo del Club Molina Sport a las 20:30 horas acompa\u00f1ado de fuegos artificiales, la Gala de Reinas a las 21:30 horas y la verbena de la orquesta Armon\u00eda Show a las 23:30 horas.<\/p>\n<p>El s\u00e1bado 12 de septiembre se celebrar\u00e1 el III Festival Hallyu de cultura coreana de 10:00 a 19:30 horas en la plaza de Don Benito, seguido del Festival Rock a las 21:00 horas. El domingo 13 acoger\u00e1 un mercadillo y la Fiesta Infantil del Centro Comercial La Ballena desde las 10:00 horas, la Gala Infantil a las 17:30 horas y un encuentro de m\u00fasica urbana a las 19:30 horas.<\/p>\n<p>La programaci\u00f3n continuar\u00e1 el lunes 14 con exhibiciones de escuelas de baile (17:00 horas), drag infantil (20:00 horas) y la Noche de Homenajes (21:00 horas). El martes 15 habr\u00e1 baile con Luz de Luna (17:00 horas), merienda popular (18:00 horas) y noche de transformismo en homenaje a Momi (21:00 horas). El mi\u00e9rcoles 16 saldr\u00e1n de nuevo los papag\u00fcevos desde Cuatro Ca\u00f1ones (18:00 horas) y se representar\u00e1 el musical \u00abEl viaje\u00bb con Keev Carballo (20:30 horas). El jueves 17 incluir\u00e1 actividades infantiles (17:00 horas), la actuaci\u00f3n del grupo Acuarela (20:00 horas) y un tributo a Man\u00e1 (21:30 horas).<\/p>\n<p>El viernes 18 de septiembre se desarrollar\u00e1 un nuevo recorrido de papag\u00fcevos (18:00 horas), la Gran Gala de Plumas y Lentejuelas (21:00 horas) y los conciertos de Frantana (23:00 horas) y Yet Garbey (23:59 horas). El s\u00e1bado 19 comenzar\u00e1 con actividades infantiles (10:00 horas) y la Fiesta del Agua Joven con DJ Airam Vega (12:00 horas), para dar paso a las 18:30 horas a la tradicional romer\u00eda desde la bajada de Pedro Infinito hasta la iglesia del barrio, cerrando con Daniel Calero a las 22:30 horas en la plaza de Don Benito.<\/p>\n<p>El domingo 20 de septiembre abrir\u00e1 a medianoche con fuegos artificiales y el concierto de Aseres (00:20 horas), la diana floreada (08:00 horas), animaci\u00f3n infantil (10:00 horas) y recogida solidaria de alimentos para animales (11:00 horas). A partir de las 12:00 horas se celebrar\u00e1 la Fiesta del Agua con Savia Nueva y Una M\u00e1s, seguida del concierto de fin de fiestas (14:30 horas) y la salida procesional de Nuestra Se\u00f1ora de Los Dolores a las 19:30 horas. Por \u00faltimo, del 28 de septiembre al 2 de octubre se desarrollar\u00e1 el Ciclo Schamann del Centro de Cultura Audiovisual (CCA) Gran Canaria.<\/p>\n","protected":false},"excerpt":{"rendered":"<p>La concejala de Fiestas y del Distrito Ciudad Alta, Betsaida Gonz\u00e1lez, junto a componentes de la Asociaci\u00f3n Cultural Schamann Siglo XXI presentan el programa, que se desarrollar\u00e1 durante todo el&hellip;<\/p>\n","protected":false},"author":1,"featured_media":19660,"comment_status":"open","ping_status":"open","sticky":false,"template":"","format":"standard","meta":{"wpai_generated_summary":"","wpai_meta_description":"","footnotes":""},"categories":[132],"tags":[],"class_list":["post-19590","post","type-post","status-publish","format-standard","has-post-thumbnail","hentry","category-ayuntamiento-de-las-palmas-de-gran-canaria"],"_links":{"self":[{"href":"https:\/\/nublo.tv\/index.php\/wp-json\/wp\/v2\/posts\/19590","targetHints":{"allow":["GET"]}}],"collection":[{"href":"https:\/\/nublo.tv\/index.php\/wp-json\/wp\/v2\/posts"}],"about":[{"href":"https:\/\/nublo.tv\/index.php\/wp-json\/wp\/v2\/types\/post"}],"author":[{"embeddable":true,"href":"https:\/\/nublo.tv\/index.php\/wp-json\/wp\/v2\/users\/1"}],"replies":[{"embeddable":true,"href":"https:\/\/nublo.tv\/index.php\/wp-json\/wp\/v2\/comments?post=19590"}],"version-history":[{"count":2,"href":"https:\/\/nublo.tv\/index.php\/wp-json\/wp\/v2\/posts\/19590\/revisions"}],"predecessor-version":[{"id":19659,"href":"https:\/\/nublo.tv\/index.php\/wp-json\/wp\/v2\/posts\/19590\/revisions\/19659"}],"wp:featuredmedia":[{"embeddable":true,"href":"https:\/\/nublo.tv\/index.php\/wp-json\/wp\/v2\/media\/19660"}],"wp:attachment":[{"href":"https:\/\/nublo.tv\/index.php\/wp-json\/wp\/v2\/media?parent=19590"}],"wp:term":[{"taxonomy":"category","embeddable":true,"href":"https:\/\/nublo.tv\/index.php\/wp-json\/wp\/v2\/categories?post=19590"},{"taxonomy":"post_tag","embeddable":true,"href":"https:\/\/nublo.tv\/index.php\/wp-json\/wp\/v2\/tags?post=19590"}],"curies":[{"name":"wp","href":"https:\/\/api.w.org\/{rel}","templated":true}]}}