{"id":19592,"date":"2026-09-04T20:42:24","date_gmt":"2026-09-04T19:42:24","guid":{"rendered":"https:\/\/nublo.tv\/?p=19592"},"modified":"2026-09-04T20:42:24","modified_gmt":"2026-09-04T19:42:24","slug":"guaguas-municipales-refuerza-las-conexiones-con-tamaraceite-por-las-fiestas-del-pino","status":"publish","type":"post","link":"https:\/\/nublo.tv\/index.php\/2026\/09\/04\/guaguas-municipales-refuerza-las-conexiones-con-tamaraceite-por-las-fiestas-del-pino\/","title":{"rendered":"Guaguas Municipales refuerza las conexiones con Tamaraceite por las Fiestas del Pino"},"content":{"rendered":"<p><strong>Guaguas Municipales activar\u00e1 este lunes, 7 de septiembre, un dispositivo especial de transporte para responder a la demanda de desplazamientos con motivo de las fiestas de Nuestra Se\u00f1ora del Pino, reforzando los enlaces con el Intercambiador de Tamaraceite para facilitar el trayecto a los peregrinos hacia Teror.<\/strong><\/p>\n<p>A partir de las 16:00 horas, la L\u00ednea 91 (Teatro-Tamaraceite) sumar\u00e1 unidades adicionales a su servicio habitual para reducir la frecuencia de paso a un intervalo de entre 10 y 15 minutos. Durante el horario nocturno, la l\u00ednea Luna 3 prestar\u00e1 apoyo a este recorrido para garantizar el flujo continuo de viajeros.<\/p>\n<p>En paralelo, la conexi\u00f3n desde el \u00e1rea del Puerto y Santa Catalina se reforzar\u00e1 desde las 16:00 horas mediante la L\u00ednea 44 (Santa Catalina-Isla Perdida), a la que se sumar\u00e1n los servicios habituales de la L\u00ednea X47 y, a partir de las 20:05 horas, la L\u00ednea 65. Estas rutas dar\u00e1n cobertura a la zona comercial de Mesa y L\u00f3pez y al eje de Siete Palmas \u2014con paradas en la avenida Juan Carlos I y la calle Pintor Felo Monz\u00f3n\u2014 antes de finalizar en Tamaraceite.<\/p>\n<p>El equipo t\u00e9cnico de Operaciones monitorizar\u00e1 la afluencia de pasajeros en las paradas intermedias a lo largo de toda la jornada para incorporar guaguas de apoyo en caso de que los veh\u00edculos alcancen su capacidad m\u00e1xima en los primeros tramos.<\/p>\n<p>Asimismo, la L\u00ednea 17 (Teatro-Auditorio) intensificar\u00e1 sus servicios entre las 22:00 horas del 7 de septiembre y las 05:00 horas del 8 de septiembre para potenciar la conexi\u00f3n entre la estaci\u00f3n de San Telmo y la terminal del Auditorio Alfredo Kraus. Quienes viajen con la compa\u00f1\u00eda Global desde Teror dispondr\u00e1n de transbordo de pago con la L\u00ednea 17 en el and\u00e9n 0 de San Telmo para conectar con Mesa y L\u00f3pez, Guanarteme y el Auditorio.<\/p>\n<div class=\"col-xs-12 col-sm-12 col-md-6 listado_noticias item\">\n<div class=\"col-xs-12\">\n<h3>Guaguas Municipales refuerza su plantilla con 29 nuevos conductores para afrontar el inicio del curso acad\u00e9mico y la recuperaci\u00f3n de la actividad laboral tras el verano<\/h3>\n<\/div>\n<div class=\"col-xs-12\"><small>02\/09\/2026<\/small><\/div>\n<div class=\"col-xs-12 \">\n<p>Guaguas Municipales afronta con una estructura de personal reforzada y preparada el inicio del nuevo curso acad\u00e9mico, previsto para el pr\u00f3ximo 9 de septiembre, una vez concluyan las fiestas del Pino, as\u00ed como la progresiva recuperaci\u00f3n de la actividad laboral tras el periodo tradicional de vacaciones de verano.En este contexto, el concejal de Transporte Colectivo de Viajeros de Las Palmas de Gran Canaria y presidente de Guaguas Municipales, Pedro Quevedo, acompa\u00f1ado por el director general de la compa\u00f1\u00eda, Miguel \u00c1ngel Rodr\u00edguez, y personal t\u00e9cnico de la empresa, ha dado este&#8230; LEER M\u00c1S<\/p>\n<\/div>\n<\/div>\n<div class=\"col-xs-12 col-sm-12 col-md-6 listado_noticias item\">\n<div class=\"col-xs-12\">\n<h3>Guaguas Municipales refuerza la conexi\u00f3n con El Sebadal y la Zona Portuaria con la nueva L\u00ednea 19<\/h3>\n<\/div>\n<div class=\"col-xs-12\"><small>26\/08\/2026<\/small><\/div>\n<div class=\"col-xs-12 \">\n<p>Guaguas Municipales pondr\u00e1 en marcha el pr\u00f3ximo lunes 31 de agosto una nueva configuraci\u00f3n de la L\u00ednea 19, fruto de la unificaci\u00f3n de las actuales l\u00edneas 18 y 19, para reforzar y hacer m\u00e1s eficiente la conexi\u00f3n de la terminal del Puerto, en la plaza de Manuel Becerra, con El Sebadal y la Zona Portuaria. La modificaci\u00f3n responde a la necesidad de adaptar el transporte p\u00fablico a la movilidad real de uno de los principales polos de actividad econ\u00f3mica de la ciudad. El Sebadal y el entorno portuario concentran diariamente miles de desplazamientos de trabajadores, clientes y&#8230; LEER M\u00c1S<\/p>\n<\/div>\n<\/div>\n","protected":false},"excerpt":{"rendered":"<p>Guaguas Municipales intensifica las conexiones con Tamaraceite para facilitar el peregrinaje a Teror durante las Fiestas del Pino 2026 Descargar noticia en PDF Guaguas Municipales activar\u00e1 este lunes, 7 de&hellip;<\/p>\n","protected":false},"author":1,"featured_media":19692,"comment_status":"open","ping_status":"open","sticky":false,"template":"","format":"standard","meta":{"wpai_generated_summary":"","wpai_meta_description":"","footnotes":""},"categories":[132],"tags":[],"class_list":["post-19592","post","type-post","status-publish","format-standard","has-post-thumbnail","hentry","category-ayuntamiento-de-las-palmas-de-gran-canaria"],"_links":{"self":[{"href":"https:\/\/nublo.tv\/index.php\/wp-json\/wp\/v2\/posts\/19592","targetHints":{"allow":["GET"]}}],"collection":[{"href":"https:\/\/nublo.tv\/index.php\/wp-json\/wp\/v2\/posts"}],"about":[{"href":"https:\/\/nublo.tv\/index.php\/wp-json\/wp\/v2\/types\/post"}],"author":[{"embeddable":true,"href":"https:\/\/nublo.tv\/index.php\/wp-json\/wp\/v2\/users\/1"}],"replies":[{"embeddable":true,"href":"https:\/\/nublo.tv\/index.php\/wp-json\/wp\/v2\/comments?post=19592"}],"version-history":[{"count":2,"href":"https:\/\/nublo.tv\/index.php\/wp-json\/wp\/v2\/posts\/19592\/revisions"}],"predecessor-version":[{"id":19691,"href":"https:\/\/nublo.tv\/index.php\/wp-json\/wp\/v2\/posts\/19592\/revisions\/19691"}],"wp:featuredmedia":[{"embeddable":true,"href":"https:\/\/nublo.tv\/index.php\/wp-json\/wp\/v2\/media\/19692"}],"wp:attachment":[{"href":"https:\/\/nublo.tv\/index.php\/wp-json\/wp\/v2\/media?parent=19592"}],"wp:term":[{"taxonomy":"category","embeddable":true,"href":"https:\/\/nublo.tv\/index.php\/wp-json\/wp\/v2\/categories?post=19592"},{"taxonomy":"post_tag","embeddable":true,"href":"https:\/\/nublo.tv\/index.php\/wp-json\/wp\/v2\/tags?post=19592"}],"curies":[{"name":"wp","href":"https:\/\/api.w.org\/{rel}","templated":true}]}}