{"id":19594,"date":"2026-09-04T20:42:05","date_gmt":"2026-09-04T19:42:05","guid":{"rendered":"https:\/\/nublo.tv\/?p=19594"},"modified":"2026-09-04T20:42:05","modified_gmt":"2026-09-04T19:42:05","slug":"la-virgen-del-pino-bajara-este-sabado-y-permanecera-en-la-nave-de-la-basilica-de-teror-hasta-el-20-de-septiembre","status":"publish","type":"post","link":"https:\/\/nublo.tv\/index.php\/2026\/09\/04\/la-virgen-del-pino-bajara-este-sabado-y-permanecera-en-la-nave-de-la-basilica-de-teror-hasta-el-20-de-septiembre\/","title":{"rendered":"La Virgen del Pino bajar\u00e1 este s\u00e1bado y permanecer\u00e1 en la nave de la Bas\u00edlica de Teror hasta el 20 de septiembre"},"content":{"rendered":"<p><strong>La imagen de la Virgen del Pino bajar\u00e1 este s\u00e1bado 5 de septiembre de su camar\u00edn y quedar\u00e1 en la nave lateral de la Bas\u00edlica de Teror hasta el 20 de septiembre, ataviada con el manto rojo de brocados de plata del 2002.<\/strong><\/p>\n<p>El descenso, que tiene lugar tras la misa de las 19:00, es uno de los actos m\u00e1s emotivos que inicia el programa religioso de la Fiesta del Pino, reuniendo a miles de personas en la bas\u00edlica y sus alrededores.<\/p>\n<p>La bajada se celebra cada a\u00f1o, aunque en el pasado se realizaba el 6 de septiembre y, en ocasiones, el 3. La fecha habitual es el 5 de septiembre.<\/p>\n<p>La tradici\u00f3n del descenso de la imagen se remonta al siglo XIX, cuando se realizaba por la escalera de la sacrist\u00eda. Desde la d\u00e9cada de 1920, la bajada se realiza con un sistema mec\u00e1nico de ra\u00edles y una decoraci\u00f3n floral que aporta gran emotividad y belleza al acto.<\/p>\n","protected":false},"excerpt":{"rendered":"<p>Estar\u00e1 hasta el 20 de septiembre en la nave lateral de la Bas\u00edlica de Teror para recibir a miles de peregrinos\/as. La imagen de la Virgen del Pino realiza este&hellip;<\/p>\n","protected":false},"author":1,"featured_media":19673,"comment_status":"open","ping_status":"open","sticky":false,"template":"","format":"standard","meta":{"wpai_generated_summary":"","wpai_meta_description":"","footnotes":""},"categories":[141],"tags":[],"class_list":["post-19594","post","type-post","status-publish","format-standard","has-post-thumbnail","hentry","category-ayuntamiento-de-teror"],"_links":{"self":[{"href":"https:\/\/nublo.tv\/index.php\/wp-json\/wp\/v2\/posts\/19594","targetHints":{"allow":["GET"]}}],"collection":[{"href":"https:\/\/nublo.tv\/index.php\/wp-json\/wp\/v2\/posts"}],"about":[{"href":"https:\/\/nublo.tv\/index.php\/wp-json\/wp\/v2\/types\/post"}],"author":[{"embeddable":true,"href":"https:\/\/nublo.tv\/index.php\/wp-json\/wp\/v2\/users\/1"}],"replies":[{"embeddable":true,"href":"https:\/\/nublo.tv\/index.php\/wp-json\/wp\/v2\/comments?post=19594"}],"version-history":[{"count":2,"href":"https:\/\/nublo.tv\/index.php\/wp-json\/wp\/v2\/posts\/19594\/revisions"}],"predecessor-version":[{"id":19671,"href":"https:\/\/nublo.tv\/index.php\/wp-json\/wp\/v2\/posts\/19594\/revisions\/19671"}],"wp:featuredmedia":[{"embeddable":true,"href":"https:\/\/nublo.tv\/index.php\/wp-json\/wp\/v2\/media\/19673"}],"wp:attachment":[{"href":"https:\/\/nublo.tv\/index.php\/wp-json\/wp\/v2\/media?parent=19594"}],"wp:term":[{"taxonomy":"category","embeddable":true,"href":"https:\/\/nublo.tv\/index.php\/wp-json\/wp\/v2\/categories?post=19594"},{"taxonomy":"post_tag","embeddable":true,"href":"https:\/\/nublo.tv\/index.php\/wp-json\/wp\/v2\/tags?post=19594"}],"curies":[{"name":"wp","href":"https:\/\/api.w.org\/{rel}","templated":true}]}}