{"id":19596,"date":"2026-09-04T20:42:12","date_gmt":"2026-09-04T19:42:12","guid":{"rendered":"https:\/\/nublo.tv\/?p=19596"},"modified":"2026-09-04T20:42:12","modified_gmt":"2026-09-04T19:42:12","slug":"mas-de-300-personas-participan-en-una-jornada-ludica-en-la-plaza-de-la-alameda-de-teror","status":"publish","type":"post","link":"https:\/\/nublo.tv\/index.php\/2026\/09\/04\/mas-de-300-personas-participan-en-una-jornada-ludica-en-la-plaza-de-la-alameda-de-teror\/","title":{"rendered":"M\u00e1s de 300 personas participan en una jornada l\u00fadica en la plaza de la Alameda de Teror"},"content":{"rendered":"<p><strong>M\u00e1s de 300 personas de todas las edades participaron este jueves, 3 de septiembre, en la propuesta l\u00fadica dise\u00f1ada por la artista e investigadora Priscilla Vela en la plaza de la Alameda de Teror, en el marco de las fiestas de El Pino.<\/strong><\/p>\n<p>La iniciativa transform\u00f3 este espacio p\u00fablico en un punto de encuentro y convivencia familiar a trav\u00e9s de diversas instalaciones destinadas al juego y al movimiento.<\/p>\n<p><a href=\"https:\/\/teror.es\/wp-content\/uploads\/2026\/09\/infantiles_39-scaled.jpg\"><img loading=\"lazy\" decoding=\"async\" class=\"alignright size-vp_sm wp-image-99648\" src=\"https:\/\/teror.es\/wp-content\/uploads\/2026\/09\/infantiles_39-500x333.jpg\" alt=\"\" width=\"500\" height=\"333\" \/><\/a><\/p>\n<p>La actividad permiti\u00f3 mostrar las posibilidades de la plaza para ofrecer alternativas l\u00fadicas a la cin\u00eda de diferentes edades dentro de un entorno cotidiano.<\/p>\n","protected":false},"excerpt":{"rendered":"<p>El Espacio de Juego dise\u00f1ado por Priscilla Vela convirti\u00f3 este jueves la plaza en un lugar de encuentro y convivencia para todas las edades. La plaza de la Alameda de&hellip;<\/p>\n","protected":false},"author":1,"featured_media":19680,"comment_status":"open","ping_status":"open","sticky":false,"template":"","format":"standard","meta":{"wpai_generated_summary":"","wpai_meta_description":"","footnotes":""},"categories":[141],"tags":[],"class_list":["post-19596","post","type-post","status-publish","format-standard","has-post-thumbnail","hentry","category-ayuntamiento-de-teror"],"_links":{"self":[{"href":"https:\/\/nublo.tv\/index.php\/wp-json\/wp\/v2\/posts\/19596","targetHints":{"allow":["GET"]}}],"collection":[{"href":"https:\/\/nublo.tv\/index.php\/wp-json\/wp\/v2\/posts"}],"about":[{"href":"https:\/\/nublo.tv\/index.php\/wp-json\/wp\/v2\/types\/post"}],"author":[{"embeddable":true,"href":"https:\/\/nublo.tv\/index.php\/wp-json\/wp\/v2\/users\/1"}],"replies":[{"embeddable":true,"href":"https:\/\/nublo.tv\/index.php\/wp-json\/wp\/v2\/comments?post=19596"}],"version-history":[{"count":2,"href":"https:\/\/nublo.tv\/index.php\/wp-json\/wp\/v2\/posts\/19596\/revisions"}],"predecessor-version":[{"id":19679,"href":"https:\/\/nublo.tv\/index.php\/wp-json\/wp\/v2\/posts\/19596\/revisions\/19679"}],"wp:featuredmedia":[{"embeddable":true,"href":"https:\/\/nublo.tv\/index.php\/wp-json\/wp\/v2\/media\/19680"}],"wp:attachment":[{"href":"https:\/\/nublo.tv\/index.php\/wp-json\/wp\/v2\/media?parent=19596"}],"wp:term":[{"taxonomy":"category","embeddable":true,"href":"https:\/\/nublo.tv\/index.php\/wp-json\/wp\/v2\/categories?post=19596"},{"taxonomy":"post_tag","embeddable":true,"href":"https:\/\/nublo.tv\/index.php\/wp-json\/wp\/v2\/tags?post=19596"}],"curies":[{"name":"wp","href":"https:\/\/api.w.org\/{rel}","templated":true}]}}