{"id":19598,"date":"2026-09-04T20:42:08","date_gmt":"2026-09-04T19:42:08","guid":{"rendered":"https:\/\/nublo.tv\/?p=19598"},"modified":"2026-09-04T20:42:08","modified_gmt":"2026-09-04T19:42:08","slug":"el-ejercito-ensaya-en-teror-el-desfile-militar-para-el-dia-del-pino","status":"publish","type":"post","link":"https:\/\/nublo.tv\/index.php\/2026\/09\/04\/el-ejercito-ensaya-en-teror-el-desfile-militar-para-el-dia-del-pino\/","title":{"rendered":"El Ej\u00e9rcito ensaya en Teror el desfile militar para el D\u00eda del Pino"},"content":{"rendered":"<p><strong>El Regimiento de Infanter\u00eda Ligera Canarias n.\u00ba 50, junto a la Banda de Guerra n.\u00ba 1 de la Brigada Canarias 16, la Unidad de M\u00fasica del Mando A\u00e9reo de Canarias y la Escuadra de Gastadores del Mando A\u00e9reo de Canarias, realizaron este viernes, 4 de septiembre, el ensayo del desfile militar que tendr\u00e1 lugar el 8 de septiembre con motivo del D\u00eda de Nuestra Se\u00f1ora del Pino en Teror.<\/strong><\/p>\n<p><a href=\"https:\/\/teror.es\/wp-content\/uploads\/2026\/09\/ensayo_1-scaled.jpg\"><img loading=\"lazy\" decoding=\"async\" class=\"alignright size-vp_sm wp-image-99657\" src=\"https:\/\/teror.es\/wp-content\/uploads\/2026\/09\/ensayo_1-500x333.jpg\" alt=\"\" width=\"500\" height=\"333\" \/><\/a> <a href=\"https:\/\/teror.es\/wp-content\/uploads\/2026\/09\/ensayo_30-scaled.jpg\"><img loading=\"lazy\" decoding=\"async\" class=\"alignright size-vp_sm wp-image-99656\" src=\"https:\/\/teror.es\/wp-content\/uploads\/2026\/09\/ensayo_30-500x333.jpg\" alt=\"\" width=\"500\" height=\"333\" \/><\/a> <a href=\"https:\/\/teror.es\/wp-content\/uploads\/2026\/09\/ensayo_9-scaled.jpg\"><img loading=\"lazy\" decoding=\"async\" class=\"alignright size-vp_sm wp-image-99654\" src=\"https:\/\/teror.es\/wp-content\/uploads\/2026\/09\/ensayo_9-500x333.jpg\" alt=\"\" width=\"500\" height=\"333\" \/><\/a>Los preparativos se desarrollaron durante la ma\u00f1ana en la Plaza del Pino y en la Calle Real ante la mirada del p\u00fablico. El tradicional desfile militar, que contar\u00e1 con la participaci\u00f3n de unos 150 militares, preceder\u00e1 a la Solemne Misa y se llevar\u00e1 a cabo tras la recepci\u00f3n en la Casa de los Patronos de la Virgen del representante de SS.MM. el Rey, el presidente del Gobierno de Canarias, Fernando Clavijo.<\/p>\n<p>Asimismo, durante la posterior procesi\u00f3n del D\u00eda del Pino participar\u00e1n la Banda de Guerra n.\u00ba 1 de la Brigada Canarias 16, una secci\u00f3n del Regimiento Canarias 50 y una Escuadra de Gastadores del Regimiento Canarias 50.<\/p>\n<p>El acto reunir\u00e1 a autoridades civiles, diplom\u00e1ticas y militares. El Regimiento de Infanter\u00eda Canarias 50 mantiene desde hace a\u00f1os la tradici\u00f3n de rendir honores a la Virgen del Pino y al representante del Rey cada 8 de septiembre en la Villa Mariana.<\/p>\n","protected":false},"excerpt":{"rendered":"<p>El Regimiento de Infanter\u00eda Ligera Canarias n\u00ba 50 del Ej\u00e9rcito, junto a la Banda de Guerra n\u00ba1 de la Brigada Canarias 16, la Unidad de M\u00fasica del Mando A\u00e9reo de&hellip;<\/p>\n","protected":false},"author":1,"featured_media":19678,"comment_status":"open","ping_status":"open","sticky":false,"template":"","format":"standard","meta":{"wpai_generated_summary":"","wpai_meta_description":"","footnotes":""},"categories":[141],"tags":[],"class_list":["post-19598","post","type-post","status-publish","format-standard","has-post-thumbnail","hentry","category-ayuntamiento-de-teror"],"_links":{"self":[{"href":"https:\/\/nublo.tv\/index.php\/wp-json\/wp\/v2\/posts\/19598","targetHints":{"allow":["GET"]}}],"collection":[{"href":"https:\/\/nublo.tv\/index.php\/wp-json\/wp\/v2\/posts"}],"about":[{"href":"https:\/\/nublo.tv\/index.php\/wp-json\/wp\/v2\/types\/post"}],"author":[{"embeddable":true,"href":"https:\/\/nublo.tv\/index.php\/wp-json\/wp\/v2\/users\/1"}],"replies":[{"embeddable":true,"href":"https:\/\/nublo.tv\/index.php\/wp-json\/wp\/v2\/comments?post=19598"}],"version-history":[{"count":2,"href":"https:\/\/nublo.tv\/index.php\/wp-json\/wp\/v2\/posts\/19598\/revisions"}],"predecessor-version":[{"id":19677,"href":"https:\/\/nublo.tv\/index.php\/wp-json\/wp\/v2\/posts\/19598\/revisions\/19677"}],"wp:featuredmedia":[{"embeddable":true,"href":"https:\/\/nublo.tv\/index.php\/wp-json\/wp\/v2\/media\/19678"}],"wp:attachment":[{"href":"https:\/\/nublo.tv\/index.php\/wp-json\/wp\/v2\/media?parent=19598"}],"wp:term":[{"taxonomy":"category","embeddable":true,"href":"https:\/\/nublo.tv\/index.php\/wp-json\/wp\/v2\/categories?post=19598"},{"taxonomy":"post_tag","embeddable":true,"href":"https:\/\/nublo.tv\/index.php\/wp-json\/wp\/v2\/tags?post=19598"}],"curies":[{"name":"wp","href":"https:\/\/api.w.org\/{rel}","templated":true}]}}