{"id":196,"date":"2026-08-04T17:35:23","date_gmt":"2026-08-04T16:35:23","guid":{"rendered":"https:\/\/nublo.tv\/?p=196"},"modified":"2026-08-04T17:35:23","modified_gmt":"2026-08-04T16:35:23","slug":"santa-lucia-reconoce-al-medico-jose-sanchez-como-hijo-predilecto-y-a-la-trabajadora-social-hortensia-perez-hija-adoptiva","status":"publish","type":"post","link":"https:\/\/nublo.tv\/index.php\/2026\/08\/04\/santa-lucia-reconoce-al-medico-jose-sanchez-como-hijo-predilecto-y-a-la-trabajadora-social-hortensia-perez-hija-adoptiva\/","title":{"rendered":"Santa Luc\u00eda reconoce al m\u00e9dico Jos\u00e9 S\u00e1nchez como Hijo Predilecto y a la trabajadora social Hortensia P\u00e9rez Hija Adoptiva"},"content":{"rendered":"<p><strong>Santa Luc\u00eda de Tirajana, jueves 30 de julio 2026.- <\/strong>El pleno del Ayuntamiento de Santa Luc\u00eda de Tirajana aprob\u00f3 en su sesi\u00f3n ordinaria celebrada este jueves el decreto de nombramientos de Honores y Distinciones de 2026. El m\u00e9dico de Sardina del Sur Jos\u00e9 S\u00e1nchez\u00a0Alvarado\u00a0ser\u00e1 nombrado Hijo Predilecto y la trabajadora social municipal Hortensia P\u00e9rez Cabrera ser\u00e1 distinguida con el t\u00edtulo de Hija Adoptiva en un Acto Institucional que se celebrar\u00e1 en el teatro V\u00edctor Jara el pr\u00f3ximo viernes 18 de septiembre. En la misma ceremonia ser\u00e1n distinguidos con los \u00cddolos de Tirajana la asamblea local de Cruz Roja en Santa Luc\u00eda de Tirajana (Social), el empresario Jos\u00e9 Bola\u00f1os (Econ\u00f3mico), el trabajador municipal Antonio Ram\u00edrez (Deportivo), la Agrupaci\u00f3n Folkl\u00f3rica Amor Canario (Identidad),el Taller de Animaci\u00f3n municipal y Francisco Alem\u00e1n (Cultura), Antonia Al\u00ed (Solidadridad) y Noelia Vera (Igualdad y Diversidad). El pleno se celebr\u00f3 en el Centro de Mayores El Paradero en Santa Luc\u00eda casco, debido a las obras que se est\u00e1n realizando en las Casas Consistoriales.<\/p>\n<p>El alcalde justific\u00f3 la propuesta de reconocimiento como Hijo\u00a0Predilecto a Jos\u00e9 S\u00e1nchez Alvarado \u201cporque \u00a0es un m\u00e9dico que ha dedicado m\u00e1s de cuatro d\u00e9cadas a cuidar de la salud de varias generaciones de vecinos y vecinas de Santa Luc\u00eda de Tirajana, y ha logrado convertirse en una figura profundamente respetada por su cercan\u00eda, humanidad y vocaci\u00f3n de servicio\u201d.Francisco Garc\u00eda defendi\u00f3 reconocer como Hija Adoptiva \u00a0a \u00a0Hortensia P\u00e9rez Cabrera por su importante trabajo durante d\u00e9cadas en los Servicios Sociales de nuestro municipio, \u00a0en unos a\u00f1os muy importantes porque con el nacimiento de la Comunidad Aut\u00f3noma Canaria se produjo una descentralizaci\u00f3n de los Servicios Sociales hacia los ayuntamientos\u201d.<\/p>\n<p>Francisco Garc\u00eda tambi\u00e9n explic\u00f3 los m\u00e9ritos de los \u00eddolos de Tirajana y destac\u00f3 \u00a0el compromiso y trabajo comunitario de la \u00a0Asamblea Local de Cruz Roja en Santa Luc\u00eda de Tirajana. El primer edil se\u00f1al\u00f3 que\u00a0Jos\u00e9 Bola\u00f1os Le\u00f3n\u00a0\u201des\u00a0un ejemplo significativo del emprendimiento familiar en Canarias, por su\u00a0esfuerzo, \u00a0constancia y \u00a0capacidad de adaptaci\u00f3n\u201d. De Antonio Ram\u00edrez Santana dijo que \u201cDurante m\u00e1s de cuarenta a\u00f1os desarroll\u00f3 una intensa labor como empleado p\u00fablico, participando activamente en la planificaci\u00f3n, organizaci\u00f3n y consolidaci\u00f3n de buena parte de los programas deportivo\u201d. Tambi\u00e9n valor\u00f3 el trabajo de investigaci\u00f3n y difusi\u00f3n del folklore y las tradiciones canarias de la Agrupaci\u00f3n Folkl\u00f3rica Amor Canario\u201d. El primer edil se\u00f1al\u00f3 que \u201cEl Taller de Animaci\u00f3n del Ayuntamiento de Santa Luc\u00eda de Tirajana ha logrado en las \u00faltimas cuatro d\u00e9cadas convertirse en un referente de participaci\u00f3n ciudadana, compromiso colectivo y creatividad art\u00edstica, con el destacado papel de su primer coordinador Paco Alem\u00e1n\u201d. Garc\u00eda justific\u00f3 el reconocimiento a\u00a0Antonia Gloria \u00a0Ali Santana por su compromiso y trabajo con la fundaci\u00f3n de\u00a0\u00a0la Asociaci\u00f3n Mujeres por la Paz y Acci\u00f3n Solidaria con Palestina\u201d. El alcalde destac\u00f3 que Noelia Vera Rodr\u00edguez \u201cconstituye un ejemplo de valent\u00eda, autenticidad y compromiso con uno mismo, valores que han favorecido una mayor visibilidad y normalizaci\u00f3n de la diversidad afectivo-sexual\u201d.<\/p>\n<p>El pleno tambi\u00e9n aprob\u00f3 las actuaciones para la anualidad 2027 del Plan de Cooperaci\u00f3n con los Ayuntamientos (PCA 2024-2027) del Ayuntamiento de Santa Luc\u00eda de Tirajana. \u00a0Se destinar\u00e1n 158.526 euros para acondicionamiento de parcela para parking p\u00fablico municipal. Para el acondicionamiento de la plaza de San Rafael se destinar\u00e1n 603.095 euros, y para la mejora de la Red de Abasto de Pozo Izquierdo se han presupuestado 400.000 euros.<\/p>\n<p>Nueva Canarias\u2013Frente Amplio Canarista (NC-FAC) present\u00f3 una moci\u00f3n en apoyo y solidaridad con el pueblo venezolano ante las consecuencias del reciente terremoto. La moci\u00f3n fue aprobada por unanimidad como declaraci\u00f3n institucional con incorporaci\u00f3n de texto de otros grupos pol\u00edticos.<\/p>\n<p>El Grupo Municipal Vox present\u00f3 una moci\u00f3n solicitando \u00a0la implantaci\u00f3n progresiva de zonas de sombra en las \u00e1reas de juego y estancia de los parques infantiles de Santa Luc\u00eda de Tirajana, que fue rechazada por la mayor\u00eda del pleno.<\/p>\n<p>El Grupo Municipal Vox present\u00f3 una moci\u00f3n en relaci\u00f3n con el abandono y deterioro de los solares situados junto al Centro Sanitario ICOT, y garantizar la seguridad y accesibilidad del entorno.<\/p>\n<p>El Grupo Nueva Canarias\u2013Frente Amplio Canarista (NC-FAC) sobre pol\u00edticas p\u00fablicas municipales de vivienda en Santa Luc\u00eda de Tirajana, que fue respaldada por el resto de grupos, con aportaciones de diferentes concejales, excepto por Vox.<\/p>\n<p>El Grupo Municipal La Fortaleza present\u00f3 una moci\u00f3n para la elaboraci\u00f3n de un plan integral de mantenimiento, conservaci\u00f3n y mejora de las instalaciones deportivas municipales de Santa Luc\u00eda de Tirajana, que no logr\u00f3 el apoyo mayoritario del pleno.<\/p>\n<p>La Fortaleza present\u00f3 tambi\u00e9n otra moci\u00f3n para la recuperaci\u00f3n y puesta en valor del litoral de Santa Luc\u00eda de Tirajana, sali\u00f3 adelante con el apoyo mayoritario del pleno.<\/p>\n<p>Gabinete de Comunicaci\u00f3n, Santa Luc\u00eda de Tirajana jueves 30\u00a0de julio de julio \u00a0de \u00a02026.<\/p>\n","protected":false},"excerpt":{"rendered":"<p>Santa Luc\u00eda de Tirajana, jueves 30 de julio 2026.- El pleno del Ayuntamiento de Santa Luc\u00eda de Tirajana aprob\u00f3 en su sesi\u00f3n ordinaria celebrada este jueves el decreto de nombramientos&hellip;<\/p>\n","protected":false},"author":18,"featured_media":197,"comment_status":"open","ping_status":"open","sticky":false,"template":"","format":"standard","meta":{"wpai_generated_summary":"","wpai_meta_description":"","footnotes":""},"categories":[137],"tags":[],"class_list":["post-196","post","type-post","status-publish","format-standard","has-post-thumbnail","hentry","category-ayuntamiento-de-santa-lucia-de-tirajana"],"_links":{"self":[{"href":"https:\/\/nublo.tv\/index.php\/wp-json\/wp\/v2\/posts\/196","targetHints":{"allow":["GET"]}}],"collection":[{"href":"https:\/\/nublo.tv\/index.php\/wp-json\/wp\/v2\/posts"}],"about":[{"href":"https:\/\/nublo.tv\/index.php\/wp-json\/wp\/v2\/types\/post"}],"author":[{"embeddable":true,"href":"https:\/\/nublo.tv\/index.php\/wp-json\/wp\/v2\/users\/18"}],"replies":[{"embeddable":true,"href":"https:\/\/nublo.tv\/index.php\/wp-json\/wp\/v2\/comments?post=196"}],"version-history":[{"count":1,"href":"https:\/\/nublo.tv\/index.php\/wp-json\/wp\/v2\/posts\/196\/revisions"}],"predecessor-version":[{"id":499,"href":"https:\/\/nublo.tv\/index.php\/wp-json\/wp\/v2\/posts\/196\/revisions\/499"}],"wp:featuredmedia":[{"embeddable":true,"href":"https:\/\/nublo.tv\/index.php\/wp-json\/wp\/v2\/media\/197"}],"wp:attachment":[{"href":"https:\/\/nublo.tv\/index.php\/wp-json\/wp\/v2\/media?parent=196"}],"wp:term":[{"taxonomy":"category","embeddable":true,"href":"https:\/\/nublo.tv\/index.php\/wp-json\/wp\/v2\/categories?post=196"},{"taxonomy":"post_tag","embeddable":true,"href":"https:\/\/nublo.tv\/index.php\/wp-json\/wp\/v2\/tags?post=196"}],"curies":[{"name":"wp","href":"https:\/\/api.w.org\/{rel}","templated":true}]}}