{"id":19600,"date":"2026-09-04T20:41:18","date_gmt":"2026-09-04T19:41:18","guid":{"rendered":"http:\/\/nublo.tv\/?p=19600"},"modified":"2026-09-04T20:41:18","modified_gmt":"2026-09-04T19:41:18","slug":"dni-y-pasaporte-nuevas-fechas-en-la-unidad-movil-de-la-policia-en-ingenio","status":"publish","type":"post","link":"https:\/\/nublo.tv\/index.php\/2026\/09\/04\/dni-y-pasaporte-nuevas-fechas-en-la-unidad-movil-de-la-policia-en-ingenio\/","title":{"rendered":"DNI y pasaporte: nuevas fechas en la unidad m\u00f3vil de la Polic\u00eda en Ingenio"},"content":{"rendered":"<p><strong>El Veh\u00edculo Integral de Documentaci\u00f3n (VIDOC) de la Polic\u00eda Nacional volver\u00e1 a la Villa de Ingenio los d\u00edas 2 y 15 de septiembre para tramitar DNI y pasaporte, evitando desplazamientos y mejorando la accesibilidad a estos servicios.<\/strong><\/p>\n<p>La unidad m\u00f3vil se ubicar\u00e1 en la explanada frente al Ayuntamiento, en la Plaza de la Candelaria, y atender\u00e1 a cinco personas cada media hora, en horario de 09:00 a 12:30.<\/p>\n<p>Con la colaboraci\u00f3n del Ayuntamiento de Ingenio, se ha habilitado un formulario en la p\u00e1gina web municipal <a href=\"http:\/\/www.ingenio.es\/\" target=\"_blank\" rel=\"noopener noreferrer\">www.ingenio.es<\/a> en la secci\u00f3n \u00abCita Previa\u00bb, bajo el t\u00edtulo \u00abCita previa DNI (VIDOC)\u00bb, donde las personas pueden inscribirse para garantizar una atenci\u00f3n \u00e1gil y ordenada.<\/p>\n<p>Se recuerda que se debe solicitar una cita por persona y especificar el tipo de tr\u00e1mite a realizar: renovaci\u00f3n, modificaci\u00f3n de datos, primera vez, p\u00e9rdida, robo o deterioro.<\/p>\n<p>En el mismo apartado de cita previa tambi\u00e9n se puede consultar la informaci\u00f3n relativa a la documentaci\u00f3n necesaria.<\/p>\n<p>Enlace directo: <a href=\"https:\/\/ingenio.es\/cita-previa-dni\/\" target=\"_blank\" rel=\"noopener noreferrer\">https:\/\/ingenio.es\/cita-previa-dni\/<\/a><\/p>\n","protected":false},"excerpt":{"rendered":"<p>El Veh\u00edculo Integral de Documentaci\u00f3n (VIDOC) de la Polic\u00eda Nacional se desplazar\u00e1 a la Villa de Ingenio nuevamente los d\u00edas 2 y 15 de septiembre para volver a acercar a&hellip;<\/p>\n","protected":false},"author":1,"featured_media":19651,"comment_status":"open","ping_status":"open","sticky":false,"template":"","format":"standard","meta":{"wpai_generated_summary":"","wpai_meta_description":"","footnotes":""},"categories":[130],"tags":[],"class_list":["post-19600","post","type-post","status-publish","format-standard","has-post-thumbnail","hentry","category-ayuntamiento-de-ingenio"],"_links":{"self":[{"href":"https:\/\/nublo.tv\/index.php\/wp-json\/wp\/v2\/posts\/19600","targetHints":{"allow":["GET"]}}],"collection":[{"href":"https:\/\/nublo.tv\/index.php\/wp-json\/wp\/v2\/posts"}],"about":[{"href":"https:\/\/nublo.tv\/index.php\/wp-json\/wp\/v2\/types\/post"}],"author":[{"embeddable":true,"href":"https:\/\/nublo.tv\/index.php\/wp-json\/wp\/v2\/users\/1"}],"replies":[{"embeddable":true,"href":"https:\/\/nublo.tv\/index.php\/wp-json\/wp\/v2\/comments?post=19600"}],"version-history":[{"count":2,"href":"https:\/\/nublo.tv\/index.php\/wp-json\/wp\/v2\/posts\/19600\/revisions"}],"predecessor-version":[{"id":19650,"href":"https:\/\/nublo.tv\/index.php\/wp-json\/wp\/v2\/posts\/19600\/revisions\/19650"}],"wp:featuredmedia":[{"embeddable":true,"href":"https:\/\/nublo.tv\/index.php\/wp-json\/wp\/v2\/media\/19651"}],"wp:attachment":[{"href":"https:\/\/nublo.tv\/index.php\/wp-json\/wp\/v2\/media?parent=19600"}],"wp:term":[{"taxonomy":"category","embeddable":true,"href":"https:\/\/nublo.tv\/index.php\/wp-json\/wp\/v2\/categories?post=19600"},{"taxonomy":"post_tag","embeddable":true,"href":"https:\/\/nublo.tv\/index.php\/wp-json\/wp\/v2\/tags?post=19600"}],"curies":[{"name":"wp","href":"https:\/\/api.w.org\/{rel}","templated":true}]}}