{"id":19602,"date":"2026-09-04T20:41:23","date_gmt":"2026-09-04T19:41:23","guid":{"rendered":"http:\/\/nublo.tv\/?p=19602"},"modified":"2026-09-04T20:41:23","modified_gmt":"2026-09-04T19:41:23","slug":"inauguracion-de-la-recreacion-del-reloj-de-la-heredad-de-el-carrizal-en-la-plaza-del-buen-suceso","status":"publish","type":"post","link":"https:\/\/nublo.tv\/index.php\/2026\/09\/04\/inauguracion-de-la-recreacion-del-reloj-de-la-heredad-de-el-carrizal-en-la-plaza-del-buen-suceso\/","title":{"rendered":"Inauguraci\u00f3n de la recreaci\u00f3n del Reloj de la Heredad de El Carrizal en la Plaza del Buen Suceso"},"content":{"rendered":"<p><strong>El viernes 7 de agosto a las 19:30 horas, tras la misa, el Ayuntamiento de Ingenio inaugurar\u00e1 una reproducci\u00f3n del Reloj de la Heredad Principal y Mina de El Carrizal en la Plaza del Buen Suceso, en el marco de las fiestas de la Virgen del Buen Suceso, San Roque y San Harag\u00e1n.<\/strong><\/p>\n<p>La obra, dirigida por la concejal\u00eda de Patrimonio Cultural y Desarrollo Etnogr\u00e1fico bajo la direcci\u00f3n de la edil Catalina S\u00e1nchez, tiene como objetivo rescatar el bien hist\u00f3rico que desapareci\u00f3 en la d\u00e9cada del siglo pasado y devolverlo a su emplazamiento original, el lateral de la Iglesia de Nuestra Se\u00f1ora del Buen Suceso.<\/p>\n<p>La recreaci\u00f3n, realizada por el artista Alberto Viera, se basa en un exhaustivo trabajo de investigaci\u00f3n y en documentos conservados en el Archivo Municipal de Ingenio, as\u00ed como en una imagen de los a\u00f1os 40 que muestra el reloj y otra de los a\u00f1os 60 que evidencia el vac\u00edo dejado tras su desaparici\u00f3n.<\/p>\n<p>Desde la concejal\u00eda se invita a la cin\u00eda a participar en este acto de rescate del patrimonio local y a acercar de forma tangible el pasado a los vecinos y vecinas.<\/p>\n<p><img loading=\"lazy\" decoding=\"async\" class=\"wp-image-354647\" title=\"RELOJ HEREDAD\" src=\"https:\/\/ingenio.es\/wp-content\/uploads\/2026\/08\/RELOJ-HEREDAD.jpg\" alt=\"\" width=\"370\" height=\"551\" \/><\/p>\n","protected":false},"excerpt":{"rendered":"<p>Enmarcado en las fiestas en honor a Nuestra Se\u00f1ora del Buen Suceso, San Roque y San Harag\u00e1n, este viernes, 7 de agosto, se celebrar\u00e1 el acto de inauguraci\u00f3n de la&hellip;<\/p>\n","protected":false},"author":1,"featured_media":19653,"comment_status":"open","ping_status":"open","sticky":false,"template":"","format":"standard","meta":{"wpai_generated_summary":"","wpai_meta_description":"","footnotes":""},"categories":[130],"tags":[],"class_list":["post-19602","post","type-post","status-publish","format-standard","has-post-thumbnail","hentry","category-ayuntamiento-de-ingenio"],"_links":{"self":[{"href":"https:\/\/nublo.tv\/index.php\/wp-json\/wp\/v2\/posts\/19602","targetHints":{"allow":["GET"]}}],"collection":[{"href":"https:\/\/nublo.tv\/index.php\/wp-json\/wp\/v2\/posts"}],"about":[{"href":"https:\/\/nublo.tv\/index.php\/wp-json\/wp\/v2\/types\/post"}],"author":[{"embeddable":true,"href":"https:\/\/nublo.tv\/index.php\/wp-json\/wp\/v2\/users\/1"}],"replies":[{"embeddable":true,"href":"https:\/\/nublo.tv\/index.php\/wp-json\/wp\/v2\/comments?post=19602"}],"version-history":[{"count":2,"href":"https:\/\/nublo.tv\/index.php\/wp-json\/wp\/v2\/posts\/19602\/revisions"}],"predecessor-version":[{"id":19652,"href":"https:\/\/nublo.tv\/index.php\/wp-json\/wp\/v2\/posts\/19602\/revisions\/19652"}],"wp:featuredmedia":[{"embeddable":true,"href":"https:\/\/nublo.tv\/index.php\/wp-json\/wp\/v2\/media\/19653"}],"wp:attachment":[{"href":"https:\/\/nublo.tv\/index.php\/wp-json\/wp\/v2\/media?parent=19602"}],"wp:term":[{"taxonomy":"category","embeddable":true,"href":"https:\/\/nublo.tv\/index.php\/wp-json\/wp\/v2\/categories?post=19602"},{"taxonomy":"post_tag","embeddable":true,"href":"https:\/\/nublo.tv\/index.php\/wp-json\/wp\/v2\/tags?post=19602"}],"curies":[{"name":"wp","href":"https:\/\/api.w.org\/{rel}","templated":true}]}}