{"id":19605,"date":"2026-09-04T20:42:23","date_gmt":"2026-09-04T19:42:23","guid":{"rendered":"https:\/\/nublo.tv\/?p=19605"},"modified":"2026-09-04T20:42:23","modified_gmt":"2026-09-04T19:42:23","slug":"el-34o-festival-folclorico-de-gran-canaria-reunira-a-agrupaciones-de-las-ocho-islas-y-homenajeara-a-antonio-betancor","status":"publish","type":"post","link":"https:\/\/nublo.tv\/index.php\/2026\/09\/04\/el-34o-festival-folclorico-de-gran-canaria-reunira-a-agrupaciones-de-las-ocho-islas-y-homenajeara-a-antonio-betancor\/","title":{"rendered":"El 34\u00ba Festival Folcl\u00f3rico de Gran Canaria reunir\u00e1 a agrupaciones de las ocho islas y homenajear\u00e1 a Antonio Betancor"},"content":{"rendered":"<p><strong>La 34\u00aa edici\u00f3n del Festival Folcl\u00f3rico de Gran Canaria se celebrar\u00e1 el domingo 6 de septiembre, a las 20:30 horas, en la Plaza de Sintes con acceso libre y la participaci\u00f3n de agrupaciones representativas de las ocho islas.<\/strong><\/p>\n<p>El encuentro musical contar\u00e1 con la presencia sobre el escenario de Sabinosa (El Hierro), Dunas de Corralejo (Fuerteventura), Chemida (Gran Canaria), Coros y Danzas de La Gomera, Alfaguara (La Palma), Guadarf\u00eda (Lanzarote), la Escuela de Folclore de Adeje (Tenerife) y la Parranda de Los Toledo (La Graciosa).<\/p>\n<p>Al inicio del acto se rendir\u00e1 tributo al periodista Antonio Betancor, vinculado a la radio y la televisi\u00f3n desde sus inicios en los a\u00f1os 60 en Radio Atl\u00e1ntico. A lo largo de su carrera dirigi\u00f3 y particip\u00f3 en espacios dedicados a la cultura popular como \u00abSenderos Isle\u00f1os\u00bb y el programa \u00abTenderete\u00bb, el cual present\u00f3 durante siete a\u00f1os. En 2016 recibi\u00f3 el Roque Nublo de Plata en el apartado de Folclore concedido por el Cabildo de Gran Canaria.<\/p>\n<p>Este reconocimiento a trayectorias destacadas de la m\u00fasica popular canaria se realiza desde hace cinco ediciones. En convocatorias anteriores recay\u00f3 en la cantante Mary S\u00e1nchez, el cantador de Teror Abelardo Garc\u00eda \u00abEl Tormento\u00bb, el miembro de Los Gofiones Sergio Garc\u00eda Beltr\u00e1n, la solista de A\u00f1oranza Mary Carmen Mulet y la docente y soprano Mar\u00eda Isabel Tor\u00f3n.<\/p>\n<p>El festival est\u00e1 impulsado por la Fundaci\u00f3n Nanino D\u00edaz Cutillas del Cabildo de Gran Canaria en el marco de las Fiestas del Pino y cuenta con la colaboraci\u00f3n de la Federaci\u00f3n de Agrupaciones Folcl\u00f3ricas de Gran Canaria.<\/p>\n","protected":false},"excerpt":{"rendered":"<p>El veterano evento musical de folclore canario tiene lugar el domingo 6 de septiembre en la Plaza de Sintes, a las 20:30 horas, con acceso libre. El conocido periodista Antonio&hellip;<\/p>\n","protected":false},"author":1,"featured_media":19690,"comment_status":"open","ping_status":"open","sticky":false,"template":"","format":"standard","meta":{"wpai_generated_summary":"","wpai_meta_description":"","footnotes":""},"categories":[141],"tags":[],"class_list":["post-19605","post","type-post","status-publish","format-standard","has-post-thumbnail","hentry","category-ayuntamiento-de-teror"],"_links":{"self":[{"href":"https:\/\/nublo.tv\/index.php\/wp-json\/wp\/v2\/posts\/19605","targetHints":{"allow":["GET"]}}],"collection":[{"href":"https:\/\/nublo.tv\/index.php\/wp-json\/wp\/v2\/posts"}],"about":[{"href":"https:\/\/nublo.tv\/index.php\/wp-json\/wp\/v2\/types\/post"}],"author":[{"embeddable":true,"href":"https:\/\/nublo.tv\/index.php\/wp-json\/wp\/v2\/users\/1"}],"replies":[{"embeddable":true,"href":"https:\/\/nublo.tv\/index.php\/wp-json\/wp\/v2\/comments?post=19605"}],"version-history":[{"count":2,"href":"https:\/\/nublo.tv\/index.php\/wp-json\/wp\/v2\/posts\/19605\/revisions"}],"predecessor-version":[{"id":19689,"href":"https:\/\/nublo.tv\/index.php\/wp-json\/wp\/v2\/posts\/19605\/revisions\/19689"}],"wp:featuredmedia":[{"embeddable":true,"href":"https:\/\/nublo.tv\/index.php\/wp-json\/wp\/v2\/media\/19690"}],"wp:attachment":[{"href":"https:\/\/nublo.tv\/index.php\/wp-json\/wp\/v2\/media?parent=19605"}],"wp:term":[{"taxonomy":"category","embeddable":true,"href":"https:\/\/nublo.tv\/index.php\/wp-json\/wp\/v2\/categories?post=19605"},{"taxonomy":"post_tag","embeddable":true,"href":"https:\/\/nublo.tv\/index.php\/wp-json\/wp\/v2\/tags?post=19605"}],"curies":[{"name":"wp","href":"https:\/\/api.w.org\/{rel}","templated":true}]}}