{"id":19607,"date":"2026-09-04T20:42:18","date_gmt":"2026-09-04T19:42:18","guid":{"rendered":"https:\/\/nublo.tv\/?p=19607"},"modified":"2026-09-04T20:42:18","modified_gmt":"2026-09-04T19:42:18","slug":"teror-acoge-el-7-de-septiembre-la-74a-romeria-ofrenda-del-pino-su-primera-edicion-como-fiesta-de-interes-turistico-nacional","status":"publish","type":"post","link":"https:\/\/nublo.tv\/index.php\/2026\/09\/04\/teror-acoge-el-7-de-septiembre-la-74a-romeria-ofrenda-del-pino-su-primera-edicion-como-fiesta-de-interes-turistico-nacional\/","title":{"rendered":"Teror acoge el 7 de septiembre la 74\u00aa Romer\u00eda Ofrenda del Pino, su primera edici\u00f3n como Fiesta de Inter\u00e9s Tur\u00edstico Nacional"},"content":{"rendered":"<p><strong>La tradicional Romer\u00eda Ofrenda en honor a la Virgen del Pino reunir\u00e1 el lunes 7 de septiembre en Teror a representaciones de todos los municipios de Gran Canaria y del resto del Archipi\u00e9lago, en una 74\u00aa edici\u00f3n que se estrena con la distinci\u00f3n de Fiesta de Inter\u00e9s Tur\u00edstico Nacional.<\/strong><\/p>\n<p>El evento multitudinario, organizado por el Cabildo de Gran Canaria con la colaboraci\u00f3n del Ayuntamiento de Teror, comenzar\u00e1 a las 15:30 horas desde el Casta\u00f1ero Gordo con la comitiva municipal anfitriona. A las 16:00 horas, la imagen de la Patrona saldr\u00e1 al p\u00f3rtico de la Bas\u00edlica para dar inicio oficial al recibimiento de las 22 carretas con sus ofrendas agr\u00edcolas, acompa\u00f1adas de agrupaciones folcl\u00f3ricas de m\u00fasica y baile.<\/p>\n<p>Tras las carretas de Teror y del Cabildo grancanario, el orden del desfile continuar\u00e1 con La Aldea de San Nicol\u00e1s, Mog\u00e1n, San Bartolom\u00e9 de Tirajana, Artenara, Telde, G\u00e1ldar, Valleseco, Arucas, Santa Mar\u00eda de Gu\u00eda, Santa Br\u00edgida, Ingenio, Ag\u00fcimes, Santa Luc\u00eda de Tirajana, Vega de San Mateo, Moya, Tejeda, Agaete, Firgas, Valsequillo y Las Palmas de Gran Canaria. Entre algunas de las primeras once carretas se intercalar\u00e1n cinco agrupaciones folcl\u00f3ricas en representaci\u00f3n de Fuerteventura, La Palma, Tenerife, El Hierro y La Gomera.<\/p>\n<p>Esta cita es la primera que se celebra tras la declaraci\u00f3n otorgada por el Gobierno de Espa\u00f1a por su relevancia hist\u00f3rica, arraigo social y difusi\u00f3n del patrimonio cultural, convirti\u00e9ndose en la octava distinci\u00f3n de esta categor\u00eda en Canarias de las 161 existentes en el pa\u00eds. En la pasada edici\u00f3n, la fiesta congreg\u00f3 a 60.000 personas y recaud\u00f3 30.000 kilos de alimentos.<\/p>\n<p>La festividad, instaurada en 1952 por el Cabildo insular a propuesta del cronista y folclorista N\u00e9stor \u00c1lamo, incluir\u00e1 por decimocuarto a\u00f1o consecutivo la intervenci\u00f3n de 52 ni\u00f1os y ni\u00f1as a iniciativa del \u00e1rea de Cultura que dirige Guacimara Medina. Recitar\u00e1n 44 d\u00e9cimas dedicadas a las islas y municipios, compuestas por la poeta cubana y monitora de la Escuela Verseadora Canaria, Ana Marys Gil.<\/p>\n<p>El recorrido ser\u00e1 retransmitido en directo por Televisi\u00f3n Espa\u00f1ola en Canarias y por la Televisi\u00f3n Auton\u00f3mica Canaria, encargada de suministrar la se\u00f1al compartida.<\/p>\n","protected":false},"excerpt":{"rendered":"<p>La imagen de la Virgen del Pino saldr\u00e1 al p\u00f3rtico de la Bas\u00edlica a las 16:00horas para recibir a las 22 carretas y representaciones del todo el Archipi\u00e9lago. La tradicional&hellip;<\/p>\n","protected":false},"author":1,"featured_media":19688,"comment_status":"open","ping_status":"open","sticky":false,"template":"","format":"standard","meta":{"wpai_generated_summary":"","wpai_meta_description":"","footnotes":""},"categories":[141],"tags":[],"class_list":["post-19607","post","type-post","status-publish","format-standard","has-post-thumbnail","hentry","category-ayuntamiento-de-teror"],"_links":{"self":[{"href":"https:\/\/nublo.tv\/index.php\/wp-json\/wp\/v2\/posts\/19607","targetHints":{"allow":["GET"]}}],"collection":[{"href":"https:\/\/nublo.tv\/index.php\/wp-json\/wp\/v2\/posts"}],"about":[{"href":"https:\/\/nublo.tv\/index.php\/wp-json\/wp\/v2\/types\/post"}],"author":[{"embeddable":true,"href":"https:\/\/nublo.tv\/index.php\/wp-json\/wp\/v2\/users\/1"}],"replies":[{"embeddable":true,"href":"https:\/\/nublo.tv\/index.php\/wp-json\/wp\/v2\/comments?post=19607"}],"version-history":[{"count":2,"href":"https:\/\/nublo.tv\/index.php\/wp-json\/wp\/v2\/posts\/19607\/revisions"}],"predecessor-version":[{"id":19687,"href":"https:\/\/nublo.tv\/index.php\/wp-json\/wp\/v2\/posts\/19607\/revisions\/19687"}],"wp:featuredmedia":[{"embeddable":true,"href":"https:\/\/nublo.tv\/index.php\/wp-json\/wp\/v2\/media\/19688"}],"wp:attachment":[{"href":"https:\/\/nublo.tv\/index.php\/wp-json\/wp\/v2\/media?parent=19607"}],"wp:term":[{"taxonomy":"category","embeddable":true,"href":"https:\/\/nublo.tv\/index.php\/wp-json\/wp\/v2\/categories?post=19607"},{"taxonomy":"post_tag","embeddable":true,"href":"https:\/\/nublo.tv\/index.php\/wp-json\/wp\/v2\/tags?post=19607"}],"curies":[{"name":"wp","href":"https:\/\/api.w.org\/{rel}","templated":true}]}}