{"id":19609,"date":"2026-09-04T20:42:17","date_gmt":"2026-09-04T19:42:17","guid":{"rendered":"https:\/\/nublo.tv\/?p=19609"},"modified":"2026-09-04T20:42:17","modified_gmt":"2026-09-04T19:42:17","slug":"el-parque-de-sintes-abre-sus-puertas-despues-de-24-anos-de-cierre","status":"publish","type":"post","link":"https:\/\/nublo.tv\/index.php\/2026\/09\/04\/el-parque-de-sintes-abre-sus-puertas-despues-de-24-anos-de-cierre\/","title":{"rendered":"El Parque de Sintes abre sus puertas despu\u00e9s de 24 a\u00f1os de cierre"},"content":{"rendered":"<p><strong>El Parque de Sintes, situado en el Casco de Teror, abri\u00f3 sus puertas el 4 de septiembre despu\u00e9s de 24 a\u00f1os de cierre, funcionando de 9:00 a 18:00 horas, salvo los d\u00edas 7 y 8 de septiembre por fiestas.<\/strong><\/p>\n<p>El alcalde de Teror, Jos\u00e9 Agust\u00edn Arencibia, junto al primer teniente de alcalde, Sergio Nuez, y representantes municipales, visitaron el recinto en la ma\u00f1ana de la reapertura, destacando que \u00abeste espacio es una joya en pleno casco de Teror, y seguiremos mejor\u00e1ndolo para poderlo abrir totalmente hasta el barranco, ya que actualmente solo ser\u00e1 visitable un 80\u202f% de su superficie\u00bb.<\/p>\n<p>Los \u00abTardeos del Pino\u00bb se celebrar\u00e1n en el parque los d\u00edas 4, 6, 11 y 18 de septiembre, de 18:00 a 20:30 horas, con m\u00fasica en directo a las 19:00 y acceso libre; los grupos que act\u00faan son Caf\u00e9 de Luna, Qu\u00e9 Chimba, Tata Band y Kilombo improvisado.<\/p>\n<p>El parque, que ofrece espacios para pasear, leer y disfrutar el tiempo libre, abre todos los d\u00edas de 9:00 a 18:00, con acceso libre desde la Avenida N\u00e9stor \u00c1lamo y la calle Santiago Rivero, dentro de los senderos habilitados y respetando las se\u00f1alizaciones.<\/p>\n<p>E<a href=\"https:\/\/teror.es\/wp-content\/uploads\/2026\/09\/sintes_11-scaled.jpg\"><img loading=\"lazy\" decoding=\"async\" class=\"alignright size-vp_sm wp-image-99675\" src=\"https:\/\/teror.es\/wp-content\/uploads\/2026\/09\/sintes_11-500x333.jpg\" alt=\"\" width=\"500\" height=\"333\" \/><\/a> <a href=\"https:\/\/teror.es\/wp-content\/uploads\/2026\/09\/sintes_34-scaled.jpg\"><img loading=\"lazy\" decoding=\"async\" class=\"alignright size-vp_sm wp-image-99676\" src=\"https:\/\/teror.es\/wp-content\/uploads\/2026\/09\/sintes_34-500x333.jpg\" alt=\"\" width=\"500\" height=\"333\" \/><\/a> <a href=\"https:\/\/teror.es\/wp-content\/uploads\/2026\/09\/sintes_9-scaled.jpg\"><img loading=\"lazy\" decoding=\"async\" class=\"alignright size-vp_sm wp-image-99677\" src=\"https:\/\/teror.es\/wp-content\/uploads\/2026\/09\/sintes_9-500x752.jpg\" alt=\"\" width=\"500\" height=\"752\" \/><\/a> <a href=\"https:\/\/teror.es\/wp-content\/uploads\/2026\/09\/SINTES-5-scaled.jpg\"><img loading=\"lazy\" decoding=\"async\" class=\"alignright size-vp_sm wp-image-99678\" src=\"https:\/\/teror.es\/wp-content\/uploads\/2026\/09\/SINTES-5-500x333.jpg\" alt=\"\" width=\"500\" height=\"333\" \/><\/a> <a href=\"https:\/\/teror.es\/wp-content\/uploads\/2026\/09\/SINTES-13-scaled.jpg\"><img loading=\"lazy\" decoding=\"async\" class=\"alignright size-vp_sm wp-image-99679\" src=\"https:\/\/teror.es\/wp-content\/uploads\/2026\/09\/SINTES-13-500x333.jpg\" alt=\"\" width=\"500\" height=\"333\" \/><\/a> <a href=\"https:\/\/teror.es\/wp-content\/uploads\/2026\/09\/SINTES-44-scaled.jpg\"><img loading=\"lazy\" decoding=\"async\" class=\"alignright size-vp_sm wp-image-99680\" src=\"https:\/\/teror.es\/wp-content\/uploads\/2026\/09\/SINTES-44-500x333.jpg\" alt=\"\" width=\"500\" height=\"333\" \/><\/a> <a href=\"https:\/\/teror.es\/wp-content\/uploads\/2026\/09\/SINTES-81-scaled.jpg\"><img loading=\"lazy\" decoding=\"async\" class=\"alignright size-vp_sm wp-image-99681\" src=\"https:\/\/teror.es\/wp-content\/uploads\/2026\/09\/SINTES-81-500x333.jpg\" alt=\"\" width=\"500\" height=\"333\" \/><\/a> <a href=\"https:\/\/teror.es\/wp-content\/uploads\/2026\/09\/SINTES-25-scaled.jpg\"><img loading=\"lazy\" decoding=\"async\" class=\"alignright size-vp_sm wp-image-99682\" src=\"https:\/\/teror.es\/wp-content\/uploads\/2026\/09\/SINTES-25-500x333.jpg\" alt=\"\" width=\"500\" height=\"333\" \/><\/a> estar\u00e1 prohibido en todo el recinto encender fuego o realizar cualquier tipo de quema; fumar; celebrar fiestas, eventos o cualquier actividad similar; utilizar m\u00fasica, altavoces u otros dispositivos de sonido; da\u00f1ar, arrancar o alterar la vegetaci\u00f3n u otros elementos naturales; o acceder y estacionamiento de patinetes y bicicletas en el interior del recinto. El acceso de animales de compa\u00f1\u00eda podr\u00e1 realizarse siempre bajo control de sus responsables y est\u00e1 prohibido dejar excrementos en el recinto.<\/p>\n<p>La intervenci\u00f3n, gestionada por la Concejal\u00eda de Parques y Jardines y la Oficina T\u00e9cnica municipal, incluye la instalaci\u00f3n de nuevo mobiliario urbano, la mejora de la seguridad de los senderos con vallado de madera, la retirada de estructuras obsoletas y la mejora paisaj\u00edstica; la financiaci\u00f3n, de 23\u202f706 euros, provino de la Consejer\u00eda de Presidencia y Movilidad Sostenible del Cabildo de Gran Canaria solicitada en marzo de 2025.<\/p>\n<p>El parque permanecer\u00e1 cerrado los d\u00edas 7 y 8 de septiembre por las celebraciones de la localidad.<\/p>\n","protected":false},"excerpt":{"rendered":"<p>El parque municipal en el Casco de Teror abrir\u00e1 todos los d\u00edas en horario de 9:00 a 18:00 horas, tras m\u00e1s de dos d\u00e9cadas cerrado. Los \u2018Tardeos del Pino\u2019 se&hellip;<\/p>\n","protected":false},"author":1,"featured_media":19686,"comment_status":"open","ping_status":"open","sticky":false,"template":"","format":"standard","meta":{"wpai_generated_summary":"","wpai_meta_description":"","footnotes":""},"categories":[141],"tags":[],"class_list":["post-19609","post","type-post","status-publish","format-standard","has-post-thumbnail","hentry","category-ayuntamiento-de-teror"],"_links":{"self":[{"href":"https:\/\/nublo.tv\/index.php\/wp-json\/wp\/v2\/posts\/19609","targetHints":{"allow":["GET"]}}],"collection":[{"href":"https:\/\/nublo.tv\/index.php\/wp-json\/wp\/v2\/posts"}],"about":[{"href":"https:\/\/nublo.tv\/index.php\/wp-json\/wp\/v2\/types\/post"}],"author":[{"embeddable":true,"href":"https:\/\/nublo.tv\/index.php\/wp-json\/wp\/v2\/users\/1"}],"replies":[{"embeddable":true,"href":"https:\/\/nublo.tv\/index.php\/wp-json\/wp\/v2\/comments?post=19609"}],"version-history":[{"count":2,"href":"https:\/\/nublo.tv\/index.php\/wp-json\/wp\/v2\/posts\/19609\/revisions"}],"predecessor-version":[{"id":19685,"href":"https:\/\/nublo.tv\/index.php\/wp-json\/wp\/v2\/posts\/19609\/revisions\/19685"}],"wp:featuredmedia":[{"embeddable":true,"href":"https:\/\/nublo.tv\/index.php\/wp-json\/wp\/v2\/media\/19686"}],"wp:attachment":[{"href":"https:\/\/nublo.tv\/index.php\/wp-json\/wp\/v2\/media?parent=19609"}],"wp:term":[{"taxonomy":"category","embeddable":true,"href":"https:\/\/nublo.tv\/index.php\/wp-json\/wp\/v2\/categories?post=19609"},{"taxonomy":"post_tag","embeddable":true,"href":"https:\/\/nublo.tv\/index.php\/wp-json\/wp\/v2\/tags?post=19609"}],"curies":[{"name":"wp","href":"https:\/\/api.w.org\/{rel}","templated":true}]}}