{"id":19615,"date":"2026-09-04T20:41:36","date_gmt":"2026-09-04T19:41:36","guid":{"rendered":"https:\/\/nublo.tv\/?p=19615"},"modified":"2026-09-04T20:41:36","modified_gmt":"2026-09-04T19:41:36","slug":"la-aldea-de-san-nicolas-acogera-este-sabado-una-exhibicion-benefica-de-un-centenar-de-vehiculos-a-favor-de-kilometros-x-sonrisas","status":"publish","type":"post","link":"https:\/\/nublo.tv\/index.php\/2026\/09\/04\/la-aldea-de-san-nicolas-acogera-este-sabado-una-exhibicion-benefica-de-un-centenar-de-vehiculos-a-favor-de-kilometros-x-sonrisas\/","title":{"rendered":"La Aldea de San Nicol\u00e1s acoger\u00e1 este s\u00e1bado una exhibici\u00f3n ben\u00e9fica de un centenar de veh\u00edculos a favor de Kil\u00f3metros x Sonrisas"},"content":{"rendered":"<p><strong>La Avenida San Nicol\u00e1s, en La Aldea de San Nicol\u00e1s, acoger\u00e1 este pr\u00f3ximo s\u00e1bado, 5 de septiembre, de 15:00 a 19:00 horas, una exhibici\u00f3n ben\u00e9fica del mundo del autom\u00f3vil con la participaci\u00f3n prevista de aproximadamente 100 coches a favor de la Asociaci\u00f3n Kil\u00f3metros x Sonrisas.<\/strong><\/p>\n<p>La iniciativa, que alcanza su segunda edici\u00f3n orientada al encuentro de amantes del motor en el archipi\u00e9lago, est\u00e1 organizada conjuntamente por los clubes automovil\u00edsticos Blanco Perla, Canary Auto y Home Garage Canarias, junto a la propia entidad ben\u00e9fica, con la colaboraci\u00f3n directa del Ayuntamiento de La Aldea de San Nicol\u00e1s. La totalidad de los fondos y recursos recaudados se destinar\u00e1 al apoyo de menores y familias que afrontan enfermedades raras y c\u00e1ncer.<\/p>\n<p>El alcalde del municipio, Pedro Su\u00e1rez, valor\u00f3 la celebraci\u00f3n de la cita y se\u00f1al\u00f3 que \u00absumar esfuerzos con colectivos y clubes del motor en beneficio de los ni\u00f1os y familias que luchan contra enfermedades raras y el c\u00e1ncer es el reflejo de la solidaridad que define a nuestra gente\u00bb.<\/p>\n<p>Por su parte, la concejala de Festejos, Leandra Delgado, agradeci\u00f3 la implicaci\u00f3n de los clubes y de los comercios locales que han donado productos y servicios para el sorteo solidario previsto durante el evento, e invit\u00f3 a residentes y visitantes a acudir a la Avenida San Nicol\u00e1s para respaldar la iniciativa.<\/p>\n","protected":false},"excerpt":{"rendered":"<p>La Aldea de San Nicol\u00e1s acoger\u00e1 este pr\u00f3ximo s\u00e1bado, 5 de septiembre, en horario de 15:00 a 19:00 horas, una exhibici\u00f3n ben\u00e9fica del mundo del autom\u00f3vil con un marcado car\u00e1cter&hellip;<\/p>\n","protected":false},"author":1,"featured_media":19640,"comment_status":"open","ping_status":"open","sticky":false,"template":"","format":"standard","meta":{"wpai_generated_summary":"","wpai_meta_description":"","footnotes":""},"categories":[131],"tags":[],"class_list":["post-19615","post","type-post","status-publish","format-standard","has-post-thumbnail","hentry","category-ayuntamiento-de-la-aldea-de-san-nicolas"],"_links":{"self":[{"href":"https:\/\/nublo.tv\/index.php\/wp-json\/wp\/v2\/posts\/19615","targetHints":{"allow":["GET"]}}],"collection":[{"href":"https:\/\/nublo.tv\/index.php\/wp-json\/wp\/v2\/posts"}],"about":[{"href":"https:\/\/nublo.tv\/index.php\/wp-json\/wp\/v2\/types\/post"}],"author":[{"embeddable":true,"href":"https:\/\/nublo.tv\/index.php\/wp-json\/wp\/v2\/users\/1"}],"replies":[{"embeddable":true,"href":"https:\/\/nublo.tv\/index.php\/wp-json\/wp\/v2\/comments?post=19615"}],"version-history":[{"count":2,"href":"https:\/\/nublo.tv\/index.php\/wp-json\/wp\/v2\/posts\/19615\/revisions"}],"predecessor-version":[{"id":19656,"href":"https:\/\/nublo.tv\/index.php\/wp-json\/wp\/v2\/posts\/19615\/revisions\/19656"}],"wp:featuredmedia":[{"embeddable":true,"href":"https:\/\/nublo.tv\/index.php\/wp-json\/wp\/v2\/media\/19640"}],"wp:attachment":[{"href":"https:\/\/nublo.tv\/index.php\/wp-json\/wp\/v2\/media?parent=19615"}],"wp:term":[{"taxonomy":"category","embeddable":true,"href":"https:\/\/nublo.tv\/index.php\/wp-json\/wp\/v2\/categories?post=19615"},{"taxonomy":"post_tag","embeddable":true,"href":"https:\/\/nublo.tv\/index.php\/wp-json\/wp\/v2\/tags?post=19615"}],"curies":[{"name":"wp","href":"https:\/\/api.w.org\/{rel}","templated":true}]}}