{"id":19623,"date":"2026-09-04T20:41:30","date_gmt":"2026-09-04T19:41:30","guid":{"rendered":"https:\/\/nublo.tv\/?p=19623"},"modified":"2026-09-04T20:41:30","modified_gmt":"2026-09-04T19:41:30","slug":"la-aldea-de-san-nicolas-rendira-homenaje-al-agua-en-la-romeria-del-pino-2026","status":"publish","type":"post","link":"https:\/\/nublo.tv\/index.php\/2026\/09\/04\/la-aldea-de-san-nicolas-rendira-homenaje-al-agua-en-la-romeria-del-pino-2026\/","title":{"rendered":"La Aldea de San Nicol\u00e1s rendir\u00e1 homenaje al agua en la Romer\u00eda del Pino 2026"},"content":{"rendered":"<p><strong>El Ayuntamiento de La Aldea de San Nicol\u00e1s ultima los preparativos para su participaci\u00f3n en la Romer\u00eda Ofrenda a Nuestra Se\u00f1ora del Pino 2026, que tendr\u00e1 lugar el pr\u00f3ximo 7 de septiembre en Teror con una carreta dedicada al agua y a las lluvias registradas en el municipio.<\/strong><\/p>\n<p>La propuesta municipal est\u00e1 basada en un carro tradicional dise\u00f1ado por Jonay Garc\u00eda Su\u00e1rez y adornado con frutas de la tierra, flores y cestas artesanas. En la parte central de la estructura figurar\u00e1 una capilla limosnera con una r\u00e9plica del patr\u00f3n San Nicol\u00e1s de Tolentino, como muestra de agradecimiento por las precipitaciones del pasado mes de marzo, periodo en el que rebosaron las tres presas del municipio.<\/p>\n<p>La comitiva aldeana estar\u00e1 acompa\u00f1ada por la Parranda Musical La Aldea y la Fundaci\u00f3n Canaria Proyecto Comunitario de La Aldea, bajo la coordinaci\u00f3n de Ancor Su\u00e1rez S\u00e1nchez. La agrupaci\u00f3n interpretar\u00e1 una isa canaria ante la imagen de la Patrona de Gran Canaria durante la entrega de la ofrenda, compuesta \u00edntegramente por productos agr\u00edcolas locales.<\/p>\n<p>El alcalde de La Aldea de San Nicol\u00e1s y concejal de Sector Primario, Pedro Su\u00e1rez, ha se\u00f1alado que \u00abacudir a Teror con una carreta que rinde tributo a nuestras presas y a la figura de San Nicol\u00e1s de Tolentino supone un acto de gratitud de todo el pueblo aldeano por el agua recibida, un recurso vital que asegura el futuro de nuestra agricultura y de nuestras familias\u00bb. Asimismo, ha a\u00f1adido que \u00abrepresentar al municipio en la Romer\u00eda del Pino es siempre un orgullo y una oportunidad para proyectar la devoci\u00f3n, la unidad y el arraigo de nuestra gente\u00bb.<\/p>\n<p>Por su parte, el concejal de Cultura, V\u00edctor Juan Hern\u00e1ndez Rodr\u00edguez, ha valorado que \u00abel trabajo t\u00e9cnico y art\u00edstico desarrollado por Jonay Garc\u00eda Su\u00e1rez, junto a la participaci\u00f3n de la Parranda Musical La Aldea y el Proyecto Comunitario, pone en valor el patrimonio sociocultural de La Aldea\u00bb, destacando que la combinaci\u00f3n de artesan\u00eda, m\u00fasica y productos agrarios muestra la identidad del municipio.<\/p>\n<p>El Consistorio ha trasladado adem\u00e1s su reconocimiento a los t\u00e9cnicos, artesanos y colectivos musicales que participan en la elaboraci\u00f3n y desarrollo de la representaci\u00f3n aldeana en las fiestas patronales insulares.<\/p>\n","protected":false},"excerpt":{"rendered":"<p>El Ayuntamiento de La Aldea de San Nicol\u00e1s ultima los detalles de su participaci\u00f3n en la Romer\u00eda Ofrenda a Nuestra Se\u00f1ora del Pino 2026, que se celebrar\u00e1 el pr\u00f3ximo 7&hellip;<\/p>\n","protected":false},"author":1,"featured_media":19655,"comment_status":"open","ping_status":"open","sticky":false,"template":"","format":"standard","meta":{"wpai_generated_summary":"","wpai_meta_description":"","footnotes":""},"categories":[131],"tags":[],"class_list":["post-19623","post","type-post","status-publish","format-standard","has-post-thumbnail","hentry","category-ayuntamiento-de-la-aldea-de-san-nicolas"],"_links":{"self":[{"href":"https:\/\/nublo.tv\/index.php\/wp-json\/wp\/v2\/posts\/19623","targetHints":{"allow":["GET"]}}],"collection":[{"href":"https:\/\/nublo.tv\/index.php\/wp-json\/wp\/v2\/posts"}],"about":[{"href":"https:\/\/nublo.tv\/index.php\/wp-json\/wp\/v2\/types\/post"}],"author":[{"embeddable":true,"href":"https:\/\/nublo.tv\/index.php\/wp-json\/wp\/v2\/users\/1"}],"replies":[{"embeddable":true,"href":"https:\/\/nublo.tv\/index.php\/wp-json\/wp\/v2\/comments?post=19623"}],"version-history":[{"count":2,"href":"https:\/\/nublo.tv\/index.php\/wp-json\/wp\/v2\/posts\/19623\/revisions"}],"predecessor-version":[{"id":19654,"href":"https:\/\/nublo.tv\/index.php\/wp-json\/wp\/v2\/posts\/19623\/revisions\/19654"}],"wp:featuredmedia":[{"embeddable":true,"href":"https:\/\/nublo.tv\/index.php\/wp-json\/wp\/v2\/media\/19655"}],"wp:attachment":[{"href":"https:\/\/nublo.tv\/index.php\/wp-json\/wp\/v2\/media?parent=19623"}],"wp:term":[{"taxonomy":"category","embeddable":true,"href":"https:\/\/nublo.tv\/index.php\/wp-json\/wp\/v2\/categories?post=19623"},{"taxonomy":"post_tag","embeddable":true,"href":"https:\/\/nublo.tv\/index.php\/wp-json\/wp\/v2\/tags?post=19623"}],"curies":[{"name":"wp","href":"https:\/\/api.w.org\/{rel}","templated":true}]}}