{"id":19625,"date":"2026-09-04T20:41:11","date_gmt":"2026-09-04T19:41:11","guid":{"rendered":"https:\/\/nublo.tv\/?p=19625"},"modified":"2026-09-04T20:41:11","modified_gmt":"2026-09-04T19:41:11","slug":"el-cabildo-de-gran-canaria-declara-la-alerta-por-riesgo-de-incendios-forestales-en-medianias-y-cumbres","status":"publish","type":"post","link":"https:\/\/nublo.tv\/index.php\/2026\/09\/04\/el-cabildo-de-gran-canaria-declara-la-alerta-por-riesgo-de-incendios-forestales-en-medianias-y-cumbres\/","title":{"rendered":"El Cabildo de Gran Canaria declara la alerta por riesgo de incendios forestales en median\u00edas y cumbres"},"content":{"rendered":"<p><strong>El Cabildo de Gran Canaria, a trav\u00e9s de la Direcci\u00f3n del Plan de Prevenci\u00f3n y Extinci\u00f3n de Incendios Forestales de Gran Canaria (INFOGRAN), ha declarado la situaci\u00f3n de alerta por riesgo de incendios forestales en la isla, que entrar\u00e1 en vigor este s\u00e1bado, 5 de septiembre, a las 10:00 horas.<\/strong><\/p>\n<p>La medida afecta a las zonas situadas por encima de los 600 metros de altitud en la vertiente norte y de los 400 metros en la vertiente sur. La decisi\u00f3n se fundamenta en la predicci\u00f3n de la Agencia Estatal de Meteorolog\u00eda (AEMET), la actualizaci\u00f3n de la alerta del plan INFOCA por parte de la Direcci\u00f3n General de Emergencias del Gobierno de Canarias y el estado actual de la masa forestal de la isla.<\/p>\n<p>Mientras permanezca activa la alerta, queda totalmente prohibido encender fuego en espacios abiertos, incluidas \u00e1reas recreativas, zonas de acampada, albergues y zonas de descanso de la red de carreteras, tanto en instalaciones fijas como con sistemas port\u00e1tiles. Asimismo, se proh\u00edbe el acceso rodado por la carretera GC-216, salvo para residentes y servicios p\u00fablicos, y se clausura el uso de la Zona de Acampada de Llanos de la Mimbre y del \u00c1rea Recreativa de Tamadaba.<\/p>\n<p>La declaraci\u00f3n suspende temporalmente las autorizaciones de quemas agr\u00edcolas y forestales de rastrojos, pastos, restos de poda y trabajos selv\u00edcolas. Queda igualmente vetado el uso de material pirot\u00e9cnico, la actividad de carboneo, el empleo de fuego en la apicultura y el uso de maquinaria que genere chispas o deflagraciones en montes y en una franja perimetral de 400 metros.<\/p>\n<p>Tampoco se permite circular por terrenos forestales, pistas ni senderos, con la salvedad de residentes, servicios p\u00fablicos, personal de emergencias y pastoreo, o en terrenos situados a menos de un kil\u00f3metro del suelo urbano seg\u00fan la cartograf\u00eda oficial. Adem\u00e1s, se proh\u00edbe arrojar objetos en combusti\u00f3n y se mantiene la suspensi\u00f3n temporal de la actividad cineg\u00e9tica en toda la isla.<\/p>\n<p>La corporaci\u00f3n insular ha instado a la cin\u00eda a actuar con la m\u00e1xima precauci\u00f3n y a respetar rigurosamente estas restricciones para prevenir conatos y facilitar las tareas de los equipos de vigilancia y extinci\u00f3n.<\/p>\n","protected":false},"excerpt":{"rendered":"<p>El Cabildo declara la alerta por riesgo de incendios forestales en las zonas de median\u00edas y cumbres de Gran Canaria \u2022 La medida entra en vigor este s\u00e1bado, 5 de&hellip;<\/p>\n","protected":false},"author":1,"featured_media":19626,"comment_status":"open","ping_status":"open","sticky":false,"template":"","format":"standard","meta":{"wpai_generated_summary":"","wpai_meta_description":"","footnotes":""},"categories":[148],"tags":[],"class_list":["post-19625","post","type-post","status-publish","format-standard","has-post-thumbnail","hentry","category-cabildo-de-gran-canaria"],"_links":{"self":[{"href":"https:\/\/nublo.tv\/index.php\/wp-json\/wp\/v2\/posts\/19625","targetHints":{"allow":["GET"]}}],"collection":[{"href":"https:\/\/nublo.tv\/index.php\/wp-json\/wp\/v2\/posts"}],"about":[{"href":"https:\/\/nublo.tv\/index.php\/wp-json\/wp\/v2\/types\/post"}],"author":[{"embeddable":true,"href":"https:\/\/nublo.tv\/index.php\/wp-json\/wp\/v2\/users\/1"}],"replies":[{"embeddable":true,"href":"https:\/\/nublo.tv\/index.php\/wp-json\/wp\/v2\/comments?post=19625"}],"version-history":[{"count":2,"href":"https:\/\/nublo.tv\/index.php\/wp-json\/wp\/v2\/posts\/19625\/revisions"}],"predecessor-version":[{"id":19649,"href":"https:\/\/nublo.tv\/index.php\/wp-json\/wp\/v2\/posts\/19625\/revisions\/19649"}],"wp:featuredmedia":[{"embeddable":true,"href":"https:\/\/nublo.tv\/index.php\/wp-json\/wp\/v2\/media\/19626"}],"wp:attachment":[{"href":"https:\/\/nublo.tv\/index.php\/wp-json\/wp\/v2\/media?parent=19625"}],"wp:term":[{"taxonomy":"category","embeddable":true,"href":"https:\/\/nublo.tv\/index.php\/wp-json\/wp\/v2\/categories?post=19625"},{"taxonomy":"post_tag","embeddable":true,"href":"https:\/\/nublo.tv\/index.php\/wp-json\/wp\/v2\/tags?post=19625"}],"curies":[{"name":"wp","href":"https:\/\/api.w.org\/{rel}","templated":true}]}}