{"id":19668,"date":"2026-09-04T20:50:39","date_gmt":"2026-09-04T19:50:39","guid":{"rendered":"https:\/\/nublo.tv\/?p=19668"},"modified":"2026-09-04T20:50:39","modified_gmt":"2026-09-04T19:50:39","slug":"firgas-contrata-a-29-personas-desempleadas-a-traves-del-programa-de-empleo-social","status":"publish","type":"post","link":"https:\/\/nublo.tv\/index.php\/2026\/09\/04\/firgas-contrata-a-29-personas-desempleadas-a-traves-del-programa-de-empleo-social\/","title":{"rendered":"Firgas contrata a 29 personas desempleadas a trav\u00e9s del Programa de Empleo Social"},"content":{"rendered":"<p><strong>El Ayuntamiento de la Villa de Firgas desarrolla desde diciembre de 2025, y hasta finales del presente a\u00f1o 2026, el \u00abPrograma Fomento Empleo Social (PES) Firgas Acuerdo Marco 2025-2026\u00bb, que ha permitido la contrataci\u00f3n de 29 personas desempleadas en el municipio.<\/strong><\/p>\n<p>&nbsp;<\/p>\n<p>Esta iniciativa est\u00e1 cofinanciada por el Servicio P\u00fablico de Empleo Estatal y el Servicio Canario de Empleo, en el marco del acuerdo de colaboraci\u00f3n suscrito con la Federaci\u00f3n Canaria de Municipios para tareas de utilidad y reinserci\u00f3n, dentro del Plan Integral de Empleo de Canarias (PIEC 2023).<\/p>\n<p>Las personas contratadas realizan labores vinculadas a competencias y servicios municipales. Entre las actuaciones destacan el apoyo al mantenimiento y conservaci\u00f3n de infraestructuras, parques, plazas, jardines y espacios p\u00fablicos, as\u00ed como el respaldo a actividades de promoci\u00f3n deportiva.<\/p>\n<p>Asimismo, el personal refuerza la gesti\u00f3n administrativa en \u00e1reas de Patrimonio, Agua, Vivienda y Administraci\u00f3n General, y presta apoyo t\u00e9cnico a los departamentos de Oficina T\u00e9cnica, Recursos Humanos, Cultura y Servicios Sociales.<\/p>\n<p>El programa incluye adem\u00e1s acciones formativas en materia de prevenci\u00f3n, competencias digitales, igualdad, sensibilizaci\u00f3n medioambiental, orientaci\u00f3n laboral y habilidades sociales, en cumplimiento de los compromisos fijados en el acuerdo marco.<\/p>\n","protected":false},"excerpt":{"rendered":"<p>El Ayuntamiento de la Villa de Firgas viene desarrollando desde diciembre de 2025, y hasta finales del presente a\u00f1o, el programa de fomento de empleo denominado \u201cPROGRAMA FOMENTO EMPLEO SOCIAL&hellip;<\/p>\n","protected":false},"author":1,"featured_media":19718,"comment_status":"open","ping_status":"open","sticky":false,"template":"","format":"standard","meta":{"wpai_generated_summary":"","wpai_meta_description":"","footnotes":""},"categories":[128],"tags":[],"class_list":["post-19668","post","type-post","status-publish","format-standard","has-post-thumbnail","hentry","category-ayuntamiento-de-firgas"],"_links":{"self":[{"href":"https:\/\/nublo.tv\/index.php\/wp-json\/wp\/v2\/posts\/19668","targetHints":{"allow":["GET"]}}],"collection":[{"href":"https:\/\/nublo.tv\/index.php\/wp-json\/wp\/v2\/posts"}],"about":[{"href":"https:\/\/nublo.tv\/index.php\/wp-json\/wp\/v2\/types\/post"}],"author":[{"embeddable":true,"href":"https:\/\/nublo.tv\/index.php\/wp-json\/wp\/v2\/users\/1"}],"replies":[{"embeddable":true,"href":"https:\/\/nublo.tv\/index.php\/wp-json\/wp\/v2\/comments?post=19668"}],"version-history":[{"count":2,"href":"https:\/\/nublo.tv\/index.php\/wp-json\/wp\/v2\/posts\/19668\/revisions"}],"predecessor-version":[{"id":19717,"href":"https:\/\/nublo.tv\/index.php\/wp-json\/wp\/v2\/posts\/19668\/revisions\/19717"}],"wp:featuredmedia":[{"embeddable":true,"href":"https:\/\/nublo.tv\/index.php\/wp-json\/wp\/v2\/media\/19718"}],"wp:attachment":[{"href":"https:\/\/nublo.tv\/index.php\/wp-json\/wp\/v2\/media?parent=19668"}],"wp:term":[{"taxonomy":"category","embeddable":true,"href":"https:\/\/nublo.tv\/index.php\/wp-json\/wp\/v2\/categories?post=19668"},{"taxonomy":"post_tag","embeddable":true,"href":"https:\/\/nublo.tv\/index.php\/wp-json\/wp\/v2\/tags?post=19668"}],"curies":[{"name":"wp","href":"https:\/\/api.w.org\/{rel}","templated":true}]}}