{"id":19675,"date":"2026-09-04T20:50:30","date_gmt":"2026-09-04T19:50:30","guid":{"rendered":"https:\/\/nublo.tv\/?p=19675"},"modified":"2026-09-04T20:50:30","modified_gmt":"2026-09-04T19:50:30","slug":"firgas-licita-las-obras-de-una-explanada-de-aparcamientos-en-buenlugar","status":"publish","type":"post","link":"https:\/\/nublo.tv\/index.php\/2026\/09\/04\/firgas-licita-las-obras-de-una-explanada-de-aparcamientos-en-buenlugar\/","title":{"rendered":"Firgas licita las obras de una explanada de aparcamientos en Buenlugar"},"content":{"rendered":"<p><strong>El Ayuntamiento de Firgas, a trav\u00e9s de la Concejal\u00eda de V\u00edas y Obras, ha sacado a licitaci\u00f3n la ejecuci\u00f3n de una explanada de aparcamientos y nuevas aceras en el barrio de Buenlugar, con un valor estimado de 50.137,65 euros y un plazo de ejecuci\u00f3n de dos meses.<\/strong><\/p>\n<p>&nbsp;<\/p>\n<p>La actuaci\u00f3n, tramitada mediante procedimiento simplificado abreviado por el \u00e1rea dirigida por Javier Perdomo, prev\u00e9 habilitar un espacio de aproximadamente 450 metros cuadrados con capacidad para 17 plazas de estacionamiento, incluyendo una reservada para personas con movilidad reducida (PMR). Los trabajos se desarrollar\u00e1n al inicio de la calle Doctor Juan Dom\u00ednguez, en la carretera GC-351 (punto kilom\u00e9trico 0+140).<\/p>\n<p>Las empresas interesadas tienen de plazo para presentar sus ofertas hasta el 13 de agosto de 2026 a las 01:00 horas peninsulares (las 00:00 horas en Canarias). Toda la informaci\u00f3n y el acceso al expediente se encuentran disponibles a trav\u00e9s del portal municipal de la Villa de Firgas.<\/p>\n<p><a class=\"elementor-button-link elementor-button elementor-size-sm\" role=\"button\" href=\"https:\/\/contrataciondelestado.es\/wps\/portal\/plataforma\/buscadores\/detalle\/!ut\/p\/z1\/hY9LD4IwEIR_kem2hQJHHqUUQUAeSi-ExMSQ8DDG8PstRo_q3ib7zewsUuiM1Nyvw7V_DMvcj1q3inUGz3w_jAjYJQ2AJEFds2iTBDXo9A9Reg1fxgXtVy_EpL7RxE3OSikAZBQGSY1NEIS9gR8Zre5gdW7DC1c6FDLvqDvEeVrlgmAAhup5uU_6n3LLGi58HVFLMKE2xQQ-fiFAYk-AgfeHAFhu8ZgX1Xbin_82hY7ctVOXVu4ThWqu5Q!!\/dz\/d5\/L2dBISEvZ0FBIS9nQSEh\/\" target=\"_blank\" rel=\"noopener\"> <span class=\"elementor-button-content-wrapper\"> <span class=\"elementor-button-text\">Haz clic aqu\u00ed<\/span> <\/span> <\/a><\/p>\n","protected":false},"excerpt":{"rendered":"<p>La Concejal\u00eda de V\u00edas y Obras del Ayuntamiento de Firgas, dirigida por Javier Perdomo, ha sacado a licitaci\u00f3n, en un procedimiento simplificado abreviado, la ejecuci\u00f3n de las obras necesarias para&hellip;<\/p>\n","protected":false},"author":1,"featured_media":19714,"comment_status":"open","ping_status":"open","sticky":false,"template":"","format":"standard","meta":{"wpai_generated_summary":"","wpai_meta_description":"","footnotes":""},"categories":[128],"tags":[],"class_list":["post-19675","post","type-post","status-publish","format-standard","has-post-thumbnail","hentry","category-ayuntamiento-de-firgas"],"_links":{"self":[{"href":"https:\/\/nublo.tv\/index.php\/wp-json\/wp\/v2\/posts\/19675","targetHints":{"allow":["GET"]}}],"collection":[{"href":"https:\/\/nublo.tv\/index.php\/wp-json\/wp\/v2\/posts"}],"about":[{"href":"https:\/\/nublo.tv\/index.php\/wp-json\/wp\/v2\/types\/post"}],"author":[{"embeddable":true,"href":"https:\/\/nublo.tv\/index.php\/wp-json\/wp\/v2\/users\/1"}],"replies":[{"embeddable":true,"href":"https:\/\/nublo.tv\/index.php\/wp-json\/wp\/v2\/comments?post=19675"}],"version-history":[{"count":2,"href":"https:\/\/nublo.tv\/index.php\/wp-json\/wp\/v2\/posts\/19675\/revisions"}],"predecessor-version":[{"id":19713,"href":"https:\/\/nublo.tv\/index.php\/wp-json\/wp\/v2\/posts\/19675\/revisions\/19713"}],"wp:featuredmedia":[{"embeddable":true,"href":"https:\/\/nublo.tv\/index.php\/wp-json\/wp\/v2\/media\/19714"}],"wp:attachment":[{"href":"https:\/\/nublo.tv\/index.php\/wp-json\/wp\/v2\/media?parent=19675"}],"wp:term":[{"taxonomy":"category","embeddable":true,"href":"https:\/\/nublo.tv\/index.php\/wp-json\/wp\/v2\/categories?post=19675"},{"taxonomy":"post_tag","embeddable":true,"href":"https:\/\/nublo.tv\/index.php\/wp-json\/wp\/v2\/tags?post=19675"}],"curies":[{"name":"wp","href":"https:\/\/api.w.org\/{rel}","templated":true}]}}