{"id":19681,"date":"2026-09-04T20:50:25","date_gmt":"2026-09-04T19:50:25","guid":{"rendered":"https:\/\/nublo.tv\/?p=19681"},"modified":"2026-09-04T20:50:25","modified_gmt":"2026-09-04T19:50:25","slug":"fernando-gomez-pamo-abre-las-fiestas-de-san-roque-en-firgas-con-un-pregon-centrado-en-la-salud-mental","status":"publish","type":"post","link":"https:\/\/nublo.tv\/index.php\/2026\/09\/04\/fernando-gomez-pamo-abre-las-fiestas-de-san-roque-en-firgas-con-un-pregon-centrado-en-la-salud-mental\/","title":{"rendered":"Fernando G\u00f3mez-Pamo abre las Fiestas de San Roque en Firgas con un preg\u00f3n centrado en la salud mental"},"content":{"rendered":"<p><strong>Las Fiestas Patronales en honor a San Roque 2026 comenzaron oficialmente este viernes en Firgas con la lectura del preg\u00f3n a cargo del m\u00e9dico y director general de Salud Mental y Adicciones del Gobierno de Canarias, Fernando G\u00f3mez-Pamo Guerra del R\u00edo, en un acto celebrado en la plaza de San Roque.<\/strong><\/p>\n<p>&nbsp;<\/p>\n<p>El concejal de Festejos, Manuel B\u00e1ez, abri\u00f3 el encuentro destacando la implicaci\u00f3n vecinal, de colectivos y de la parroquia en la elaboraci\u00f3n del programa festivo.<\/p>\n<p>Durante su intervenci\u00f3n, G\u00f3mez-Pamo record\u00f3 su v\u00ednculo personal con el municipio a trav\u00e9s de una vivienda familiar en el barrio de Padilla y centr\u00f3 su discurso en la salud mental. El pregonero estableci\u00f3 una comparativa entre la figura hist\u00f3rica de San Roque frente a las epidemias y los desaf\u00edos actuales, se\u00f1alando que \u00ablas verdaderas batallas de nuestro tiempo son el cansancio cr\u00f3nico, la soledad, el estr\u00e9s, el aislamiento emocional y los problemas de salud mental\u00bb.<\/p>\n<p>Asimismo, tras definir al municipio como \u00abun templo, el balc\u00f3n verde de Gran Canaria\u00bb, anim\u00f3 a \u00abseguir el rastro del silencio\u00bb para detectar el sufrimiento de quienes no piden ayuda, reivindic\u00f3 el valor del abrazo como apoyo y propuso convertir las celebraciones en \u00abel verdadero festival de la empat\u00eda\u00bb.<\/p>\n<p>Por su parte, el alcalde de Firgas, Alexis Henr\u00edquez, agradeci\u00f3 la participaci\u00f3n del pregonero y reconoci\u00f3 la labor del personal municipal, cuerpos de seguridad, emergencias, entidades colaboradoras y de la cin\u00eda en la organizaci\u00f3n de los festejos.<\/p>\n<p>En el transcurso del acto, el Ayuntamiento entreg\u00f3 sus distinciones anuales. En el \u00e1mbito educativo reconoci\u00f3 a Sara Guerra Angulo y Dayla P\u00e9rez D\u00edaz (mejores expedientes de 2.\u00ba de Bachillerato de Ciencias), Yamiley de Jes\u00fas Marrero Moreno (Bachillerato de Humanidades) y a Marta Perera Barrameda y Samira Gonz\u00e1lez de la Fe (4.\u00ba de ESO del IES Villa de Firgas).<\/p>\n<p>En materia deportiva se distingui\u00f3 a Adri\u00e1n Jos\u00e9 Schwengber Falc\u00f3n, subcampe\u00f3n de la Liga Canaria de Boccia, y al F\u00fatbol Femenino de Firgas. El reconocimiento cultural recay\u00f3 en Carmelo \u2018Sang\u00f3\u2019 y el reconocimiento social en Cruz Roja.<\/p>\n<p><img decoding=\"async\" class=\"swiper-slide-image\" src=\"https:\/\/www.villadefirgas.es\/wp-content\/uploads\/2026\/08\/74da1ab1-8aed-42b8-bbb8-d5f3cc8a5988-300x200.jpeg\" alt=\"74da1ab1-8aed-42b8-bbb8-d5f3cc8a5988\" \/><img decoding=\"async\" class=\"swiper-slide-image\" src=\"https:\/\/www.villadefirgas.es\/wp-content\/uploads\/2026\/08\/d77ee4a5-96d2-48b8-b3d4-d436959c8425-300x200.jpeg\" alt=\"d77ee4a5-96d2-48b8-b3d4-d436959c8425\" \/><img decoding=\"async\" class=\"swiper-slide-image\" src=\"https:\/\/www.villadefirgas.es\/wp-content\/uploads\/2026\/08\/5cbd5cbd-800e-4196-95c6-2b2af07baf2f-200x300.jpeg\" alt=\"5cbd5cbd-800e-4196-95c6-2b2af07baf2f\" \/><\/p>\n","protected":false},"excerpt":{"rendered":"<p>Las Fiestas Patronales en honor a San Roque 2026 arrancaron oficialmente este viernes con la lectura del preg\u00f3n a cargo del m\u00e9dico\u00a0Fernando G\u00f3mez-Pamo\u00a0Guerra del R\u00edo,\u00a0Director General de Salud Mental y&hellip;<\/p>\n","protected":false},"author":1,"featured_media":19712,"comment_status":"open","ping_status":"open","sticky":false,"template":"","format":"standard","meta":{"wpai_generated_summary":"","wpai_meta_description":"","footnotes":""},"categories":[128],"tags":[],"class_list":["post-19681","post","type-post","status-publish","format-standard","has-post-thumbnail","hentry","category-ayuntamiento-de-firgas"],"_links":{"self":[{"href":"https:\/\/nublo.tv\/index.php\/wp-json\/wp\/v2\/posts\/19681","targetHints":{"allow":["GET"]}}],"collection":[{"href":"https:\/\/nublo.tv\/index.php\/wp-json\/wp\/v2\/posts"}],"about":[{"href":"https:\/\/nublo.tv\/index.php\/wp-json\/wp\/v2\/types\/post"}],"author":[{"embeddable":true,"href":"https:\/\/nublo.tv\/index.php\/wp-json\/wp\/v2\/users\/1"}],"replies":[{"embeddable":true,"href":"https:\/\/nublo.tv\/index.php\/wp-json\/wp\/v2\/comments?post=19681"}],"version-history":[{"count":2,"href":"https:\/\/nublo.tv\/index.php\/wp-json\/wp\/v2\/posts\/19681\/revisions"}],"predecessor-version":[{"id":19711,"href":"https:\/\/nublo.tv\/index.php\/wp-json\/wp\/v2\/posts\/19681\/revisions\/19711"}],"wp:featuredmedia":[{"embeddable":true,"href":"https:\/\/nublo.tv\/index.php\/wp-json\/wp\/v2\/media\/19712"}],"wp:attachment":[{"href":"https:\/\/nublo.tv\/index.php\/wp-json\/wp\/v2\/media?parent=19681"}],"wp:term":[{"taxonomy":"category","embeddable":true,"href":"https:\/\/nublo.tv\/index.php\/wp-json\/wp\/v2\/categories?post=19681"},{"taxonomy":"post_tag","embeddable":true,"href":"https:\/\/nublo.tv\/index.php\/wp-json\/wp\/v2\/tags?post=19681"}],"curies":[{"name":"wp","href":"https:\/\/api.w.org\/{rel}","templated":true}]}}