{"id":19695,"date":"2026-09-04T20:51:41","date_gmt":"2026-09-04T19:51:41","guid":{"rendered":"https:\/\/nublo.tv\/?p=19695"},"modified":"2026-09-04T20:51:41","modified_gmt":"2026-09-04T19:51:41","slug":"valsequillo-presenta-el-programa-de-las-fiestas-y-feria-de-san-miguel-arcangel-2026","status":"publish","type":"post","link":"https:\/\/nublo.tv\/index.php\/2026\/09\/04\/valsequillo-presenta-el-programa-de-las-fiestas-y-feria-de-san-miguel-arcangel-2026\/","title":{"rendered":"Valsequillo presenta el programa de las Fiestas y Feria de San Miguel Arc\u00e1ngel 2026"},"content":{"rendered":"<p><a title=\"Valsequillo presenta el cartel y el programa de actos de las Fiestas y Feria de San Miguel Arc\u00e1ngel\" href=\"https:\/\/www.valsequillogc.es\/ayto3\/2026\/09\/04\/valsequillo-presenta-el-cartel-y-el-programa-de-actos-de-lasfiestas-y-feria-de-san-miguel-arcangel\/\" rel=\"nofollow\"><img loading=\"lazy\" decoding=\"async\" class=\"webfeedsFeaturedVisual wp-post-image\" style=\"display: block;margin: auto;margin-bottom: 5px;max-width: 100%\" src=\"https:\/\/www.valsequillogc.es\/ayto3\/wp-content\/uploads\/2026\/09\/De-izq-a-dcha-Armando-Suaez-Alejandro-Marchena-Maria-Dolores-Gonzalez-Juan-Carlos-Hernandez-Brian-Medina-y-Victor-Navarro-1024x583.png\" alt=\"\" width=\"1024\" height=\"583\" \/><\/a><\/p>\n<p><strong>El Ayuntamiento de Valsequillo de Gran Canaria ha presentado el programa oficial de las Fiestas y Feria de San Miguel Arc\u00e1ngel 2026, que se celebrar\u00e1n del 11 de septiembre al 4 de octubre con una amplia agenda de actos religiosos, culturales, juveniles y tradicionales.<\/strong><\/p>\n<p>El acto de presentaci\u00f3n cont\u00f3 con la presencia del alcalde del municipio, Juan Carlos Hern\u00e1ndez Atta, quien asume sus primeras fiestas patronales al frente del consistorio con el compromiso de \u00abseguir caminando juntos, trabajando para que el municipio crezca sin perder nunca su esencia\u00bb. Por su parte, el concejal de Cultura y Fiestas, Armando Su\u00e1rez Ram\u00edrez, destac\u00f3 que la programaci\u00f3n est\u00e1 \u00abpensada para compartir, lleno de m\u00fasica, folclore, deporte y actividades para todas las edades\u00bb. Tambi\u00e9n asistieron el concejal del Sector Primario y Deportes, V\u00edctor Navarro; la pregonera de las fiestas, M\u00aa Dolores Gonz\u00e1lez L\u00f3pez (Mayoya); el ganador del concurso del cartel de la Suelta del Perro Maldito, Brian Medina, y el dise\u00f1ador del programa festivo, Alejandro Marchena.<\/p>\n<p>El arranque de los festejos tendr\u00e1 lugar el primer fin de semana con la solemne Bajada de San Miguel Arc\u00e1ngel y la lectura del preg\u00f3n a cargo de M\u00aa Dolores Gonz\u00e1lez L\u00f3pez en la Plaza de San Miguel. A continuaci\u00f3n, la Plaza de Tifariti acoger\u00e1 la I Gala de Romeros Mayores, evento presentado por Victorio P\u00e9rez que contar\u00e1 con las actuaciones de la A.F.C. Buchito de Caf\u00e9, la A.F.C. Albores Canarios y los solistas Moneiba Garc\u00eda, Yoana Garc\u00eda y V\u00edctor Batista.<\/p>\n<p>El jueves 17 de septiembre, a las 20:30 horas, el Teatro Cronista Oficial Jacinto Su\u00e1rez Martel ser\u00e1 la sede del acto oficial de Entrega de Honores y Distinciones 2026, donde se otorgar\u00e1n reconocimientos en las categor\u00edas de Hijos\/as Predilectos\/as, Hijos\/as Predilectos\/as a t\u00edtulo p\u00f3stumo, Hijos Adoptivos e Hijos\/as Adoptivos\/as a t\u00edtulo p\u00f3stumo.<\/p>\n<p>La tradicional Romer\u00eda Ofrenda a San Miguel Arc\u00e1ngel se desarrollar\u00e1 el s\u00e1bado 19 de septiembre, coincidiendo con una fiesta retro desde las 18:00 horas que incluir\u00e1 una exhibici\u00f3n de coches cl\u00e1sicos por las calles del municipio y la actuaci\u00f3n del grupo F\u00f3rmula V.<\/p>\n<p>El programa suma otras citas destacadas como la 40\u00aa edici\u00f3n de la Suelta del Perro Maldito, que estar\u00e1 acompa\u00f1ada por una exposici\u00f3n de carteles hist\u00f3ricos (1990-2026) en el Teatro Cronista Oficial Jacinto Su\u00e1rez Martel. Asimismo, el s\u00e1bado 3 de octubre se celebrar\u00e1 en la Plaza Tifariti el concierto gratuito Fest&amp;Vals \u00abEl Latinazo\u00bb, con las actuaciones de Nia Correia, Tutto Dur\u00e1n, Adu\u00e9n Amaya y el grupo Aseres, junto a convocatorias como La Noche del Pureta, el Pub Miguel\u00edn, Miguelito y Miguel\u00f3n, presentaciones de libros y actividades infantiles.<\/p>\n<p>El martes 29 de septiembre, d\u00eda grande del patr\u00f3n, los actos comenzar\u00e1n al amanecer con la Diana Floreada, seguida de la Muestra de Ganado Selecto y Local en el recinto ferial y el posterior desfile ante la imagen de San Miguel Arc\u00e1ngel. La festividad culminar\u00e1 con las Carreras de Caballos en la GC-41 y la Noche del Verso Improvisado, dirigida por Yeray Rodr\u00edguez.<\/p>\n<p>El Ayuntamiento recomienda consultar los canales oficiales para ampliar los detalles del calendario de actos.<\/p>\n<p>Programa completo: <a href=\"https:\/\/www.valsequillogc.es\/ayto3\/wp-content\/uploads\/2026\/09\/Programa-San-Miguel-2026.pdf\" data-type=\"link\" data-id=\"https:\/\/www.valsequillogc.es\/ayto3\/wp-content\/uploads\/2026\/09\/Programa-San-Miguel-2026.pdf\">https:\/\/www.valsequillogc.es\/ayto3\/wp-content\/uploads\/2026\/09\/Programa-San-Miguel-2026.pdf<\/a><\/p>\n<p><a id=\"wp-block-file--media-50acff9c-3309-4e3e-b30c-d78a91818188\" href=\"https:\/\/www.valsequillogc.es\/ayto3\/wp-content\/uploads\/2026\/09\/Programa-San-Miguel-2026.pdf\">Programa San Miguel 2026<\/a><a class=\"wp-block-file__button wp-element-button\" href=\"https:\/\/www.valsequillogc.es\/ayto3\/wp-content\/uploads\/2026\/09\/Programa-San-Miguel-2026.pdf\" aria-describedby=\"wp-block-file--media-50acff9c-3309-4e3e-b30c-d78a91818188\">Descarga<\/a><\/p>\n<p><img loading=\"lazy\" decoding=\"async\" class=\"wp-image-16266\" src=\"https:\/\/www.valsequillogc.es\/ayto3\/wp-content\/uploads\/2026\/09\/SanMiguel_26-819x1024.jpg\" alt=\"\" width=\"819\" height=\"1024\" data-id=\"16266\" \/><\/p>\n","protected":false},"excerpt":{"rendered":"<p>El municipio celebra sus fiestas patronales del 11 de septiembre al 4 de octubre con una variada agenda que combina actos religiosos, eventos juveniles y grandes citas tradicionales. La XL&hellip;<\/p>\n","protected":false},"author":1,"featured_media":19724,"comment_status":"open","ping_status":"open","sticky":false,"template":"","format":"standard","meta":{"wpai_generated_summary":"","wpai_meta_description":"","footnotes":""},"categories":[142],"tags":[],"class_list":["post-19695","post","type-post","status-publish","format-standard","has-post-thumbnail","hentry","category-ayuntamiento-de-valsequillo"],"_links":{"self":[{"href":"https:\/\/nublo.tv\/index.php\/wp-json\/wp\/v2\/posts\/19695","targetHints":{"allow":["GET"]}}],"collection":[{"href":"https:\/\/nublo.tv\/index.php\/wp-json\/wp\/v2\/posts"}],"about":[{"href":"https:\/\/nublo.tv\/index.php\/wp-json\/wp\/v2\/types\/post"}],"author":[{"embeddable":true,"href":"https:\/\/nublo.tv\/index.php\/wp-json\/wp\/v2\/users\/1"}],"replies":[{"embeddable":true,"href":"https:\/\/nublo.tv\/index.php\/wp-json\/wp\/v2\/comments?post=19695"}],"version-history":[{"count":2,"href":"https:\/\/nublo.tv\/index.php\/wp-json\/wp\/v2\/posts\/19695\/revisions"}],"predecessor-version":[{"id":19725,"href":"https:\/\/nublo.tv\/index.php\/wp-json\/wp\/v2\/posts\/19695\/revisions\/19725"}],"wp:featuredmedia":[{"embeddable":true,"href":"https:\/\/nublo.tv\/index.php\/wp-json\/wp\/v2\/media\/19724"}],"wp:attachment":[{"href":"https:\/\/nublo.tv\/index.php\/wp-json\/wp\/v2\/media?parent=19695"}],"wp:term":[{"taxonomy":"category","embeddable":true,"href":"https:\/\/nublo.tv\/index.php\/wp-json\/wp\/v2\/categories?post=19695"},{"taxonomy":"post_tag","embeddable":true,"href":"https:\/\/nublo.tv\/index.php\/wp-json\/wp\/v2\/tags?post=19695"}],"curies":[{"name":"wp","href":"https:\/\/api.w.org\/{rel}","templated":true}]}}