{"id":19728,"date":"2026-09-04T22:42:51","date_gmt":"2026-09-04T21:42:51","guid":{"rendered":"https:\/\/nublo.tv\/?p=19728"},"modified":"2026-09-04T22:42:51","modified_gmt":"2026-09-04T21:42:51","slug":"teodoro-sosa-recibe-el-amagro-de-oro-mientras-se-plantea-dedicarle-una-calle-en-la-montana","status":"publish","type":"post","link":"https:\/\/nublo.tv\/index.php\/2026\/09\/04\/teodoro-sosa-recibe-el-amagro-de-oro-mientras-se-plantea-dedicarle-una-calle-en-la-montana\/","title":{"rendered":"Teodoro Sosa recibe el Amagro de Oro mientras se plantea dedicarle una calle en La Monta\u00f1a"},"content":{"rendered":"<p><em>La Asociaci\u00f3n de Vecinos \u201cAmagro\u201d crea este nuevo reconocimiento con vocaci\u00f3n de continuidad para distinguir a personas, colectivos y entidades vinculadas al desarrollo y la identidad de Barrial<\/em><\/p>\n<p>La plaza de Barrial acogi\u00f3 la entrega del primer Amagro de Oro, un nuevo reconocimiento creado por la Asociaci\u00f3n de Vecinos \u201cAmagro\u201d para distinguir a personas, colectivos y entidades que hayan contribuido al desarrollo del barrio, a la conservaci\u00f3n de sus tradiciones y al fortalecimiento de la convivencia vecinal. El primer galard\u00f3n recay\u00f3 en Teodoro Sosa Monz\u00f3n, en reconocimiento a sus a\u00f1os al frente del Ayuntamiento de G\u00e1ldar y, especialmente, a su relaci\u00f3n con los barrios y el movimiento vecinal.<\/p>\n<p>El acto, incluido en el programa de las Fiestas en honor a Nuestra Se\u00f1ora de los Desamparados 2026, fue presentado por Andrea Garc\u00eda y cont\u00f3 con la actuaci\u00f3n de Andrea Velazco. El presidente de la Asociaci\u00f3n de Vecinos \u201cAmagro\u201d, Pepe Garc\u00eda, explic\u00f3 que el galard\u00f3n nace con la intenci\u00f3n de convertirse en una nueva tradici\u00f3n y reconocer p\u00fablicamente a quienes han contribuido a hacer crecer Barrial, mantener sus tradiciones y defender su identidad.<\/p>\n<p>La elecci\u00f3n de Teodoro Sosa estuvo vinculada tambi\u00e9n a la condici\u00f3n de Barrial como barrio de los alcaldes, recordando las calles dedicadas al Alcalde Demetrio Su\u00e1rez y al Alcalde Manuel Godoy. Durante su intervenci\u00f3n, Pepe Garc\u00eda anunci\u00f3 una propuesta para que el municipio de G\u00e1ldar pueda dedicar una calle a Alcalde Teodoro Claret Sosa Monz\u00f3n, concretamente en su barrio de La Monta\u00f1a. La Asociaci\u00f3n de Vecinos \u201cAmagro\u201d traslad\u00f3 de manera verbal esta iniciativa al Ayuntamiento de G\u00e1ldar para su estudio y valoraci\u00f3n conforme al procedimiento correspondiente.<\/p>\n<p>Teodoro Sosa expres\u00f3 su agradecimiento enorme y un tremendo honor por recibir el Amagro de Oro, destacando especialmente que el reconocimiento proceda de Barrial, un barrio que, seg\u00fan se\u00f1al\u00f3, sabe perfectamente lo que significa la participaci\u00f3n ciudadana. El homenajeado puso en valor la trayectoria del movimiento vecinal, recordando a referentes como Juan del Rosario y Pepe el de Kika, y destac\u00f3 el compromiso de los vecinos con las fiestas, las infraestructuras, el deporte, el movimiento juvenil y los proyectos de car\u00e1cter social.<\/p>\n<p>El alcalde destac\u00f3 sus veinte a\u00f1os viviendo las fiestas de Barrial desde la Alcald\u00eda y afirm\u00f3 que G\u00e1ldar siempre ha estado y estar\u00e1 al lado de sus vecinos y de sus propuestas. Tambi\u00e9n asegur\u00f3 que recibe el galard\u00f3n como alguien que ha tenido la suerte de conocer Barrial de primera mano y quiso compartirlo con todas las personas que han construido la comunidad. Los barrios no los forman las paredes ni los edificios: los hacen sus personas, manifest\u00f3.<\/p>\n<p>Sosa defendi\u00f3 adem\u00e1s que el Amagro de Oro debe servir para mirar hacia el futuro y apostar por un Barrial vivo, social y con personas dispuestas a seguir trabajando de la mano en el movimiento asociativo. En la parte final de su intervenci\u00f3n asegur\u00f3 que, pese a sus aciertos y errores, nunca tendr\u00e9 mayor honor que haber sido el alcalde de Barrial y de G\u00e1ldar.<\/p>\n<p>La noche concluy\u00f3 con la actuaci\u00f3n de la Parranda Araguaney, que ofreci\u00f3 un concierto en la plaza de Barrial. La jornada sirvi\u00f3 as\u00ed para poner en marcha una nueva tradici\u00f3n de reconocimiento vecinal y para plantear, desde Barrial, que Teodoro Sosa pueda formar parte en el futuro del callejero de G\u00e1ldar con una calle en La Monta\u00f1a.<\/p>\n","protected":false},"excerpt":{"rendered":"<p>La Asociaci\u00f3n de Vecinos \u201cAmagro\u201d crea este nuevo reconocimiento con vocaci\u00f3n de continuidad para distinguir a personas, colectivos y entidades vinculadas al desarrollo y la identidad de Barrial La plaza de Barrial acogi\u00f3 la entrega del primer Amagro de Oro, un nuevo reconocimiento creado por la Asociaci\u00f3n de Vecinos \u201cAmagro\u201d para distinguir a personas, colectivos [&hellip;]<\/p>\n","protected":false},"author":50,"featured_media":19729,"comment_status":"open","ping_status":"open","sticky":false,"template":"","format":"standard","meta":{"wpai_generated_summary":"","wpai_meta_description":"","footnotes":""},"categories":[1],"tags":[],"class_list":["post-19728","post","type-post","status-publish","format-standard","has-post-thumbnail","hentry","category-opinion"],"_links":{"self":[{"href":"https:\/\/nublo.tv\/index.php\/wp-json\/wp\/v2\/posts\/19728","targetHints":{"allow":["GET"]}}],"collection":[{"href":"https:\/\/nublo.tv\/index.php\/wp-json\/wp\/v2\/posts"}],"about":[{"href":"https:\/\/nublo.tv\/index.php\/wp-json\/wp\/v2\/types\/post"}],"author":[{"embeddable":true,"href":"https:\/\/nublo.tv\/index.php\/wp-json\/wp\/v2\/users\/50"}],"replies":[{"embeddable":true,"href":"https:\/\/nublo.tv\/index.php\/wp-json\/wp\/v2\/comments?post=19728"}],"version-history":[{"count":1,"href":"https:\/\/nublo.tv\/index.php\/wp-json\/wp\/v2\/posts\/19728\/revisions"}],"predecessor-version":[{"id":19732,"href":"https:\/\/nublo.tv\/index.php\/wp-json\/wp\/v2\/posts\/19728\/revisions\/19732"}],"wp:featuredmedia":[{"embeddable":true,"href":"https:\/\/nublo.tv\/index.php\/wp-json\/wp\/v2\/media\/19729"}],"wp:attachment":[{"href":"https:\/\/nublo.tv\/index.php\/wp-json\/wp\/v2\/media?parent=19728"}],"wp:term":[{"taxonomy":"category","embeddable":true,"href":"https:\/\/nublo.tv\/index.php\/wp-json\/wp\/v2\/categories?post=19728"},{"taxonomy":"post_tag","embeddable":true,"href":"https:\/\/nublo.tv\/index.php\/wp-json\/wp\/v2\/tags?post=19728"}],"curies":[{"name":"wp","href":"https:\/\/api.w.org\/{rel}","templated":true}]}}