{"id":19730,"date":"2026-09-04T22:52:59","date_gmt":"2026-09-04T21:52:59","guid":{"rendered":"https:\/\/nublo.tv\/?p=19730"},"modified":"2026-09-04T22:52:59","modified_gmt":"2026-09-04T21:52:59","slug":"ruben-de-la-barrera-apela-a-la-unidad-tras-el-empate-ante-el-cd-leganes","status":"publish","type":"post","link":"https:\/\/nublo.tv\/index.php\/2026\/09\/04\/ruben-de-la-barrera-apela-a-la-unidad-tras-el-empate-ante-el-cd-leganes\/","title":{"rendered":"Rub\u00e9n de la Barrera apela a la unidad tras el empate ante el CD Legan\u00e9s"},"content":{"rendered":"<p><strong>El t\u00e9cnico amarillo Rub\u00e9n de la Barrera atendi\u00f3 a los medios de comunicaci\u00f3n en la sala de prensa del Estadio Gran Canaria tras el empate frente al CD Legan\u00e9s, donde apel\u00f3 a la unidad y mostr\u00f3 su convencimiento en la progresi\u00f3n del equipo.<\/strong><\/p>\n<p>El preparador explic\u00f3 que no es posible realizar un an\u00e1lisis aislado del encuentro: \u00abTenemos a much\u00edsima gente importante fuera. Los chicos que van entrando nos van ayudando much\u00edsimo\u00bb, manifest\u00f3, al tiempo que reconoci\u00f3 la entidad de un rival \u00abque est\u00e1 haciendo cosas que demuestra lo que pretenden conseguir a final de temporada\u00bb.<\/p>\n<p>De la Barrera quiso poner en valor el compromiso de su plantilla: \u00abTengo que agradecer p\u00fablicamente a Caro, que se ha infiltrado para poder ayudarnos, tambi\u00e9n a otros compa\u00f1eros que han hecho un esfuerzo por estar disponibles\u00bb. Sobre el guardameta, a\u00f1adi\u00f3 que \u00abes indiscutiblemente de los mejores porteros de la categor\u00eda y va a cometer un error, o m\u00e1s de uno, como lo cometeremos todos. El gesto que ha tenido es de querer ayudar\u00bb.<\/p>\n<p>En el aspecto t\u00e1ctico, el t\u00e9cnico admiti\u00f3 que durante la primera parte estuvieron \u00abalgo desajustados en presi\u00f3n\u00bb y contextualiz\u00f3 la situaci\u00f3n deportiva: \u00abMe cuesta hablar del partido sin tener que mencionar el periodo que estamos conviviendo y mientras eso s\ucede uno tiene que ir sumando puntos\u00bb.<\/p>\n<p>Finalmente, De la Barrera concluy\u00f3 haciendo hincapi\u00e9 en el trabajo diario y la estabilidad del grupo: \u00abNo vivo de espaldas a la realidad. Vas acumulando trabajo y midiendo tus pasos, todo eso mientras compites y tienes la responsabilidad de sumar de tres. Me gustar\u00eda haber ganado todos los partidos pero no es tan f\u00e1cil. Tambi\u00e9n tengo claro que este preciso momento nos va a ayudar a ver al equipo que tengo en la cabeza\u00bb. En esa l\u00ednea, remarc\u00f3 que \u00abtodos necesitan estabilidad y sentirse arropados\u00bb y zanj\u00f3: \u00abEste momento lo tenemos que pasar juntos, estoy convencido de que el equipo va a ir a donde tiene que ir\u00bb.<\/p>\n","protected":false},"excerpt":{"rendered":"<p>Rub\u00e9n De La Barrera atendi\u00f3 a los medios de comunicaci\u00f3n que se dieron cita en la sala de prensa del Estadio Gran Canaria tras el empate ante el CD Legan\u00e9s.&hellip;<\/p>\n","protected":false},"author":1,"featured_media":19736,"comment_status":"open","ping_status":"open","sticky":false,"template":"","format":"standard","meta":{"wpai_generated_summary":"","wpai_meta_description":"","footnotes":""},"categories":[122],"tags":[],"class_list":["post-19730","post","type-post","status-publish","format-standard","has-post-thumbnail","hentry","category-deportes"],"_links":{"self":[{"href":"https:\/\/nublo.tv\/index.php\/wp-json\/wp\/v2\/posts\/19730","targetHints":{"allow":["GET"]}}],"collection":[{"href":"https:\/\/nublo.tv\/index.php\/wp-json\/wp\/v2\/posts"}],"about":[{"href":"https:\/\/nublo.tv\/index.php\/wp-json\/wp\/v2\/types\/post"}],"author":[{"embeddable":true,"href":"https:\/\/nublo.tv\/index.php\/wp-json\/wp\/v2\/users\/1"}],"replies":[{"embeddable":true,"href":"https:\/\/nublo.tv\/index.php\/wp-json\/wp\/v2\/comments?post=19730"}],"version-history":[{"count":2,"href":"https:\/\/nublo.tv\/index.php\/wp-json\/wp\/v2\/posts\/19730\/revisions"}],"predecessor-version":[{"id":19738,"href":"https:\/\/nublo.tv\/index.php\/wp-json\/wp\/v2\/posts\/19730\/revisions\/19738"}],"wp:featuredmedia":[{"embeddable":true,"href":"https:\/\/nublo.tv\/index.php\/wp-json\/wp\/v2\/media\/19736"}],"wp:attachment":[{"href":"https:\/\/nublo.tv\/index.php\/wp-json\/wp\/v2\/media?parent=19730"}],"wp:term":[{"taxonomy":"category","embeddable":true,"href":"https:\/\/nublo.tv\/index.php\/wp-json\/wp\/v2\/categories?post=19730"},{"taxonomy":"post_tag","embeddable":true,"href":"https:\/\/nublo.tv\/index.php\/wp-json\/wp\/v2\/tags?post=19730"}],"curies":[{"name":"wp","href":"https:\/\/api.w.org\/{rel}","templated":true}]}}