{"id":19741,"date":"2026-09-05T08:37:56","date_gmt":"2026-09-05T07:37:56","guid":{"rendered":"https:\/\/nublo.tv\/?p=19741"},"modified":"2026-09-05T08:37:56","modified_gmt":"2026-09-05T07:37:56","slug":"turismo-de-gran-canaria-impulsa-la-competitividad-de-los-alojamientos-de-san-bartolome-de-tirajana-a-traves-de-la-digitalizacion-y-la-sostenibilidad","status":"publish","type":"post","link":"https:\/\/nublo.tv\/index.php\/2026\/09\/05\/turismo-de-gran-canaria-impulsa-la-competitividad-de-los-alojamientos-de-san-bartolome-de-tirajana-a-traves-de-la-digitalizacion-y-la-sostenibilidad\/","title":{"rendered":"Turismo de Gran Canaria impulsa la competitividad de los alojamientos de San Bartolom\u00e9 de Tirajana a trav\u00e9s de la digitalizaci\u00f3n y la sostenibilidad"},"content":{"rendered":"<p>&nbsp;<\/p>\n<div class=\"row inner-content\">\n<div class=\"col-md-12\">\n<p><!-- CONTENT ELEMENT, uid:20545\/list [begin] --><\/p>\n<div id=\"c20545\" class=\"csc-default\"><!-- Plugin inserted: [begin] --><\/p>\n<div class=\"noticia\">\n<div class=\"encabezado\">\n<p><span class=\"published-at\"> 04 de septiembre, 2026<\/span><\/p>\n<\/div>\n<div class=\"cuerpo\">\n<div class=\"photos\"><a class=\"lightbox\" href=\"\/\/www.grancanaria.com\/turismo\/uploads\/pics\/20260903_163420.jpg\" target=\"_self\" rel=\"lightbox[1]\"><img loading=\"lazy\" decoding=\"async\" src=\"\/\/www.grancanaria.com\/turismo\/uploads\/pics\/20260903_163420.jpg\" alt=\"\" width=\"4000\" height=\"3000\" \/><\/a><\/div>\n<p>Turismo de Gran Canaria contin\u00faa avanzando en el desarrollo del programa\u00a0Impulsa Alojamientos SBT, una iniciativa estrat\u00e9gica orientada a potenciar la competitividad, la innovaci\u00f3n, la digitalizaci\u00f3n y la sostenibilidad de las empresas tur\u00edsticas de alojamiento ubicadas en el municipio de San Bartolom\u00e9 de Tirajana.<\/p>\n<p>Esta actuaci\u00f3n da continuidad a una primera fase basada en un diagn\u00f3stico exhaustivo de la situaci\u00f3n del sector alojativo local \u2014que evalu\u00f3 aspectos como consumos, oferta, certificaci\u00f3n y comercializaci\u00f3n a trav\u00e9s de cuestionarios y entrevistas directas a las empresas\u2014. A partir de estos resultados, el proyecto ha desplegado un plan de acci\u00f3n pr\u00e1ctico estructurado en formaci\u00f3n especializada, encuentros profesionales y un servicio de acompa\u00f1amiento t\u00e9cnico individualizado.<\/p>\n<p>Fernando Varela, director del programa Impulsa Alojamientos SBT y de la consultora Social Gob, explic\u00f3 que \u201cesta iniciativa busca que la sostenibilidad, la innovaci\u00f3n y la digitalizaci\u00f3n se traduzcan en decisiones concretas dentro de los establecimientos, aport\u00e1ndoles conocimiento, herramientas y acompa\u00f1amiento especializado para mejorar su competitividad\u201d.<\/p>\n<p>El programa aborda de manera transversal los principales retos a los que se enfrenta la industria tur\u00edstica actual. Entre ellos destacan la digitalizaci\u00f3n y automatizaci\u00f3n de procesos internos \u2014como la gesti\u00f3n de reservas, la conectividad de motores y canales o la optimizaci\u00f3n de la comunicaci\u00f3n con los hu\u00e9spedes\u2014, as\u00ed como la incorporaci\u00f3n de la inteligencia artificial y el uso estrat\u00e9gico de datos para agilizar la toma de decisiones empresariales.<\/p>\n<p>De cara a las pr\u00f3ximas citas, que tendr\u00e1n lugar los d\u00edas 10 y 16 de septiembre, \u201cel siguiente paso es mirar m\u00e1s all\u00e1 del alojamiento y pensar en el destino en su conjunto. San Bartolom\u00e9 de Tirajana tiene la oportunidad de aprovechar la experiencia y capacidad de sus empresas para construir un destino m\u00e1s competitivo, sostenible y preparado para los retos de los pr\u00f3ximos a\u00f1os\u201d, seg\u00fan Varela.<\/p>\n<p>Asimismo, en el \u00e1mbito medioambiental,\u00a0Impulsa Alojamientos SBT\u00a0profundiza en el c\u00e1lculo de la huella de carbono, los inventarios de consumos, la eficiencia energ\u00e9tica, la econom\u00eda circular y los indicadores ESG. De forma destacada, ante el marco regulatorio actual, la iniciativa instruye a los establecimientos sobre los nuevos requisitos de la Directiva (UE) 2024\/825 (Empowering Consumers for the Green Transition\u00a0&#8211; EmpCo), de aplicaci\u00f3n desde este mes de septiembre de 2026, con el fin de reforzar la transparencia en las comunicaciones ambientales y combatir el\u00a0greenwashing.<\/p>\n<p><strong>De la formaci\u00f3n a la acci\u00f3n en el destino<\/strong><\/p>\n<p>Tras las sesiones virtuales celebradas en agosto, el programa desarrolla esta semana un ciclo de encuentros presenciales en el Centro Insular de Turismo de Gran Canaria (Playa del Ingl\u00e9s). Este ciclo, que arranc\u00f3 el jueves 3 de septiembre y cuenta con dos sesiones m\u00e1s programadas para los d\u00edas 10 y 16 del presente mes, incluye sesiones pr\u00e1cticas para la elaboraci\u00f3n de planes de sostenibilidad propios y la creaci\u00f3n de hojas de ruta digitales individualizadas, y culminar\u00e1 con una jornada de reflexi\u00f3n conjunta sobre el futuro del destino bajo el lema\u00a0\u00abHagamos destino: el futuro de San Bartolom\u00e9 de Tirajana lo construimos entre todos\u00bb, fomentando la cooperaci\u00f3n p\u00fablico-privada y la sinergia entre los diferentes agentes del territorio.<\/p>\n<p>Paralelamente, los establecimientos del municipio interesados contin\u00faan teniendo a su disposici\u00f3n un\u00a0servicio gratuito de asesoramiento individualizado, mediante el cual expertos cualificados ofrecen acompa\u00f1amiento t\u00e9cnico adaptado a la realidad de cada hotel o apartamento en \u00e1reas como estrategia, marketing, innovaci\u00f3n de producto o gesti\u00f3n ambiental. Las inscripciones para este servicio permanecen abiertas y pueden formalizarse escribiendo a <a href=\"mailto:programa@socialgob.org\">programa@socialgob.org<\/a> o a trav\u00e9s del <a href=\"https:\/\/docs.google.com\/forms\/d\/e\/1FAIpQLSeHSgqAvik-OTvEZ717NkaIjMxa262Tv4Tu761xua3kRmxpTg\/viewform?pli=1\" target=\"_top\">formulario de inscripci\u00f3n<\/a>.<\/p>\n<p>Impulsa Alojamientos SBT\u00a0se enmarca en las acciones del Plan de Sostenibilidad Tur\u00edstica en Destino \u00abImpulsa Maspalomas\u00bb, promovido por la Consejer\u00eda de Turismo del Cabildo de Gran Canaria con el fin de impulsar la modernizaci\u00f3n y la calidad del sector tur\u00edstico del municipio. El proyecto cuenta con financiaci\u00f3n de la Uni\u00f3n Europea a trav\u00e9s de los fondos NextGenerationEU, en el marco del Plan de Recuperaci\u00f3n, Transformaci\u00f3n y Resiliencia.<\/p>\n<\/div>\n<p><!-- AddToAny BEGIN --><\/p>\n<div class=\"a2a_kit a2a_kit_size_32 a2a_default_style\" data-a2a-title=\"Turismo de Gran Canaria impulsa la competitividad de los alojamientos de San Bartolom\u00e9 de Tirajana a trav\u00e9s de la digitalizaci\u00f3n y la sostenibilidad\">\n<\/div>\n<p><!-- AddToAny END --><\/p>\n<\/div>\n<p><!-- Plugin inserted: [end] --><\/p>\n<\/div>\n<p><!-- CONTENT ELEMENT, uid:20545\/list [end] --><\/p>\n<\/div>\n<p><!-- hcg--><\/p>\n<div class=\"elfsight-app-e0e8b52d-5e58-4719-924c-95d557f34a97\" data-elfsight-app-lazy=\"\"><\/div>\n<\/div>\n<p>&lt;!&#8211;<\/p>\n<div class=\"container-fluid\">\n<div class=\"row\">\n<div id=\"newsletter\" class=\"newsletter col-12\">\n<div class=\"col-lg-4 offset-lg-4\">&#8211;&gt;<br \/>\n&lt;!&#8211;<\/p>\n<div class=\"conoce\">Conoce las novedades del sector<\/div>\n<p><span class=\"input-group-btn\"><br \/>\n<button class=\"btn\" type=\"submit\">Enviar<\/button><br \/>\n<\/span><\/p>\n<div class=\"conoceinfo\"><a href=\"es\/area-profesional\/suscripcion-boletin-profesional\/\">Suscripci\u00f3n al bolet\u00edn oficial<\/a><\/div>\n<p>&#8211;&gt;<br \/>\n&lt;!&#8211;<\/p>\n<\/div>\n<\/div>\n<\/div>\n<\/div>\n<p>&#8211;&gt;<\/p>\n<div class=\"container-footer\">\n<div class=\"container fila-logos\"><img decoding=\"async\" src=\"\/fileadmin\/areaprofesional2017\/template\/images\/50aniversario\/necstour.png\" alt=\"Necstour\" \/><br \/>\n<img decoding=\"async\" src=\"\/fileadmin\/areaprofesional2017\/template\/images\/50aniversario\/biosfera.png\" alt=\"Cabildo de Gran Canaria. Gran Canaria Reserva de la Biosfera. Unesco Programa sobre el homre y la biosfera\" \/><br \/>\n<img decoding=\"async\" src=\"\/fileadmin\/areaprofesional2017\/template\/images\/50aniversario\/sustainable.png\" alt=\"Biosphere. Sustainable Certified\" \/><br \/>\n<img decoding=\"async\" src=\"\/fileadmin\/areaprofesional2017\/template\/images\/50aniversario\/SICTED_2026.png\" alt=\"Compromiso de Calidad Tur\u00edstica\" \/><br \/>\n<img decoding=\"async\" src=\"\/fileadmin\/areaprofesional2017\/template\/images\/50aniversario\/suma.png\" alt=\"Turismo que suma\" \/><\/div>\n<div id=\"footer\" class=\"container row\">\n<div class=\"logo-footer col-md-3\"><img decoding=\"async\" src=\"\/fileadmin\/areaprofesional2017\/template\/images\/50aniversario\/logo-50-footer_v2.png\" alt=\"\" \/><\/div>\n<div id=\"footerlinks\" class=\"footerlinks container-fluid col-md-6\">\n<div class=\"row\">\n<div class=\"col-sm-4 col-md\">\n<p><img alt=\"\" \/> <span class=\"footerlinks-title\">Explora<\/span><\/p>\n<ul class=\"footerlinks-links\">\n<li><a title=\"Inteligencia tur\u00edstica\" href=\"\/\/www.grancanaria.com\/turismo\/pt\/area-profesional\/informes-y-estadisticas\/informes\/\">Inteligencia tur\u00edstica<\/a><\/li>\n<li><a title=\"Promoci\u00f3n\" href=\"\/\/www.grancanaria.com\/turismo\/pt\/area-profesional\/promocion-turistica\/plan-estrategico-y-de-marketing\/\">Promoci\u00f3n<\/a><\/li>\n<li><a title=\"Sostenibilidad\" href=\"\/\/www.grancanaria.com\/turismo\/pt\/area-profesional\/sostenibilidad\/gran-canaria-destino-turistico-sostenible\/\">Sostenibilidad<\/a><\/li>\n<li><a title=\"Administraci\u00f3n\" href=\"\/\/www.grancanaria.com\/turismo\/pt\/area-profesional\/tramites\/inscripcion-de-alojamiento-en-la-web\/\">Administraci\u00f3n<\/a><\/li>\n<li><a title=\"Actualidad\" href=\"\/\/www.grancanaria.com\/turismo\/pt\/area-profesional\/noticias\/\">Actualidad<\/a><\/li>\n<li><a title=\"La Instituci\u00f3n\" href=\"\/\/www.grancanaria.com\/turismo\/pt\/transparencia\/1-informacion-institucional\/\">La Instituci\u00f3n<\/a><\/li>\n<li><a title=\"50 aniversario\" href=\"\/\/www.grancanaria.com\/turismo\/pt\/area-profesional\/50-aniversario-turismo-gran-canaria\/\">50 aniversario<\/a><\/li>\n<li><a title=\"Transparencia\" href=\"\/\/www.grancanaria.com\/turismo\/pt\/transparencia\/\">Transparencia<\/a><\/li>\n<\/ul>\n<\/div>\n<div class=\"col-sm-4 col-md\">\n<p><img alt=\"\" \/> <span class=\"footerlinks-title\">Tr\u00e1mites<\/span><\/p>\n<ul class=\"footerlinks-links\">\n<li><a title=\"Sede Electr\u00f3nica\" href=\"https:\/\/turismograncanaria.sedelectronica.es\/info.0\">Sede Electr\u00f3nica<\/a><\/li>\n<li><a title=\"Cita Previa\" href=\"https:\/\/turismograncanaria.sedelectronica.es\/citaprevia.1\">Cita Previa<\/a><\/li>\n<\/ul>\n<\/div>\n<\/div>\n<\/div>\n<div class=\"newsletter-footer col-md-3\">\n<p class=\"footerlinks-title\">Mantente al d\u00eda<\/p>\n<p>Conecta con todo lo que mueve el turismo en Gran Canaria.<\/p>\n<p><a href=\"\/turismo\/es\/area-profesional\/promocion-turistica\/suscripcion-boletin-profesional\/\">Suscr\u00edbete<\/a><\/p>\n<\/div>\n<\/div>\n<div class=\"container last\">\n<div class=\"legal\"><a class=\"link\" href=\"\/\/www.grancanaria.com\/turismo\/pt\/area-profesional\/mapa-del-site\/\">Mapa del Site<\/a>\u00a0|\u00a0<a class=\"link\" href=\"\/\/www.grancanaria.com\/turismo\/pt\/\">Portal tur\u00edstico<\/a>\u00a0|\u00a0<a class=\"link\" href=\"https:\/\/www.grancanaria.com\/turismo\/soporte\/aviso-legal\/\">Aviso legal<\/a>\u00a0|\u00a0<a class=\"link\" href=\"https:\/\/www.grancanaria.com\/turismo\/index.php?id=912\">Pol\u00edtica de cookies<\/a>\u00a0|\u00a0<a class=\"link\" href=\"https:\/\/www.grancanaria.com\/turismo\/index.php?id=909\">Pol\u00edtica de privacidad<\/a>\u00a0|\u00a0<a class=\"link\" href=\"https:\/\/www.grancanaria.com\/turismo\/es\/contactar\/\">Contactar<\/a><\/div>\n<\/div>\n<\/div>\n<p>&lt;!&#8211; hcg &#8211;&gt;<\/p>\n<p>&nbsp;<\/p>\n","protected":false},"excerpt":{"rendered":"<p>04 de septiembre, 2026 Turismo de Gran Canaria contin\u00faa avanzando en el desarrollo del programa\u00a0Impulsa Alojamientos SBT, una iniciativa estrat\u00e9gica orientada a potenciar la competitividad, la innovaci\u00f3n, la digitalizaci\u00f3n y&hellip;<\/p>\n","protected":false},"author":1,"featured_media":19742,"comment_status":"open","ping_status":"open","sticky":false,"template":"","format":"standard","meta":{"wpai_generated_summary":"","wpai_meta_description":"","footnotes":""},"categories":[148],"tags":[],"class_list":["post-19741","post","type-post","status-publish","format-standard","has-post-thumbnail","hentry","category-cabildo-de-gran-canaria"],"_links":{"self":[{"href":"https:\/\/nublo.tv\/index.php\/wp-json\/wp\/v2\/posts\/19741","targetHints":{"allow":["GET"]}}],"collection":[{"href":"https:\/\/nublo.tv\/index.php\/wp-json\/wp\/v2\/posts"}],"about":[{"href":"https:\/\/nublo.tv\/index.php\/wp-json\/wp\/v2\/types\/post"}],"author":[{"embeddable":true,"href":"https:\/\/nublo.tv\/index.php\/wp-json\/wp\/v2\/users\/1"}],"replies":[{"embeddable":true,"href":"https:\/\/nublo.tv\/index.php\/wp-json\/wp\/v2\/comments?post=19741"}],"version-history":[{"count":1,"href":"https:\/\/nublo.tv\/index.php\/wp-json\/wp\/v2\/posts\/19741\/revisions"}],"predecessor-version":[{"id":19770,"href":"https:\/\/nublo.tv\/index.php\/wp-json\/wp\/v2\/posts\/19741\/revisions\/19770"}],"wp:featuredmedia":[{"embeddable":true,"href":"https:\/\/nublo.tv\/index.php\/wp-json\/wp\/v2\/media\/19742"}],"wp:attachment":[{"href":"https:\/\/nublo.tv\/index.php\/wp-json\/wp\/v2\/media?parent=19741"}],"wp:term":[{"taxonomy":"category","embeddable":true,"href":"https:\/\/nublo.tv\/index.php\/wp-json\/wp\/v2\/categories?post=19741"},{"taxonomy":"post_tag","embeddable":true,"href":"https:\/\/nublo.tv\/index.php\/wp-json\/wp\/v2\/tags?post=19741"}],"curies":[{"name":"wp","href":"https:\/\/api.w.org\/{rel}","templated":true}]}}