{"id":19753,"date":"2026-09-05T08:37:49","date_gmt":"2026-09-05T07:37:49","guid":{"rendered":"https:\/\/nublo.tv\/?p=19753"},"modified":"2026-09-05T08:37:49","modified_gmt":"2026-09-05T07:37:49","slug":"el-cabildo-de-gran-canaria-aporta-mas-de-1-300-kilos-de-alimentos-a-la-74a-romeria-ofrenda-del-pino","status":"publish","type":"post","link":"https:\/\/nublo.tv\/index.php\/2026\/09\/05\/el-cabildo-de-gran-canaria-aporta-mas-de-1-300-kilos-de-alimentos-a-la-74a-romeria-ofrenda-del-pino\/","title":{"rendered":"El Cabildo de Gran Canaria aporta m\u00e1s de 1.300 kilos de alimentos a la 74\u00aa Romer\u00eda-Ofrenda del Pino"},"content":{"rendered":"<p><strong>El presidente del Cabildo de Gran Canaria, Antonio Morales, present\u00f3 este viernes los 1.340 kilos de productos agr\u00edcolas y manufacturados que portar\u00e1 la carreta de la corporaci\u00f3n insular el pr\u00f3ximo domingo, 7 de septiembre, en la 74\u00aa edici\u00f3n de la Romer\u00eda-Ofrenda a la Virgen del Pino, en Teror.<\/strong><\/p>\n<p>Esta edici\u00f3n ser\u00e1 la primera que se celebre tras la declaraci\u00f3n del evento como Fiesta de Inter\u00e9s Tur\u00edstico Nacional por parte del Gobierno de Espa\u00f1a, convirti\u00e9ndose en la n\u00famero 161 con esta distinci\u00f3n en el pa\u00eds, en reconocimiento a su arraigo social, valor hist\u00f3rico y difusi\u00f3n del patrimonio cultural de Canarias.<\/p>\n<p>Bajo el nombre \u00abCantando se hace camino\u00bb, la carreta insular consiste en un carro de labor de finales del siglo XIX dise\u00f1ado por Fernando Ben\u00edtez. El veh\u00edculo desfilar\u00e1 en segundo lugar, justo despu\u00e9s del municipio anfitri\u00f3n de Teror, acompa\u00f1ado por la m\u00fasica de la Parranda El Lebrillo y el cuerpo de baile El \u00c1lamo, que interpretar\u00e1n \u00abSanto Domingo de Gran Canaria\u00bb a su llegada a las puertas de la bas\u00edlica.<\/p>\n<p>La ofrenda institucional reunir\u00e1 480 kilos de papas, 280 kilos de pl\u00e1tanos, 20 kilos de papayos, adem\u00e1s de manzanas reinetas, mangas, melones, sand\u00edas, peras, naranjas, pi\u00f1a tropical y hortalizas variadas procedentes de los Mercados Agr\u00edcolas insulares y de las fincas de La Granja Agr\u00edcola Experimental, Osorio y La Cumbre. A estos alimentos se suman 86 kilos de vino, quesos, aceite, turrones, miel y gofio, junto a 280 unidades florales de ruscus, helechos, aspidistra y bast\u00f3n del emperador. Todos los productos recogidos ser\u00e1n entregados a familias desfavorecidas a trav\u00e9s de entidades sociales, centros ben\u00e9ficos y ONG, en una cita que el pasado a\u00f1o congreg\u00f3 un total de 30.000 kilos de donaciones.<\/p>\n<p>En el mismo acto, acompa\u00f1ado por la consejera de Cultura, Guacimara Medina, y el consejero de Sector Primario y Soberan\u00eda Alimentaria, Miguel Hidalgo, Morales inaugur\u00f3 en la Casa Palacio de la calle Bravo Murillo la muestra tradicional que rinde homenaje a las mujeres loceras de la isla. El escaparate, promovido mediante la Fundaci\u00f3n Nanino D\u00edaz Cutillas y abierto hasta el 18 de septiembre, exhibe catorce trajes hist\u00f3ricos desde el siglo XVII hasta principios del XX con fotograf\u00edas del archivo de la FEDAC.<\/p>\n<p>El etn\u00f3grafo y dise\u00f1ador de la exposici\u00f3n, Jorge Guzm\u00e1n Villegas, destac\u00f3 que la alfarer\u00eda tradicional representa \u00abun oficio de tradici\u00f3n aborigen que la mujer canaria ha sabido transmitir de generaci\u00f3n en generaci\u00f3n hasta nuestros tiempos, creando con h\u00e1biles manos una cer\u00e1mica funcional y de una hermosura art\u00edstica que roza la genialidad\u00bb. Asimismo, subray\u00f3 el car\u00e1cter did\u00e1ctico del montaje como referencia para la indumentaria correcta en las festividades populares, al tiempo que record\u00f3 el valor de la documentaci\u00f3n hist\u00f3rica conservada para el estudio de los usos textiles de Gran Canaria.<\/p>\n","protected":false},"excerpt":{"rendered":"<p>&nbsp; &nbsp; El Cabildo grancanario re\u00fane en su carreta de la 74\u00ba Romer\u00eda-Ofrenda del Pino Teror m\u00e1s de una tonelada de productos agr\u00edcolas &nbsp; Catorce trajes que recorren la historia&hellip;<\/p>\n","protected":false},"author":1,"featured_media":19760,"comment_status":"open","ping_status":"open","sticky":false,"template":"","format":"standard","meta":{"wpai_generated_summary":"","wpai_meta_description":"","footnotes":""},"categories":[1],"tags":[],"class_list":["post-19753","post","type-post","status-publish","format-standard","has-post-thumbnail","hentry","category-opinion"],"_links":{"self":[{"href":"https:\/\/nublo.tv\/index.php\/wp-json\/wp\/v2\/posts\/19753","targetHints":{"allow":["GET"]}}],"collection":[{"href":"https:\/\/nublo.tv\/index.php\/wp-json\/wp\/v2\/posts"}],"about":[{"href":"https:\/\/nublo.tv\/index.php\/wp-json\/wp\/v2\/types\/post"}],"author":[{"embeddable":true,"href":"https:\/\/nublo.tv\/index.php\/wp-json\/wp\/v2\/users\/1"}],"replies":[{"embeddable":true,"href":"https:\/\/nublo.tv\/index.php\/wp-json\/wp\/v2\/comments?post=19753"}],"version-history":[{"count":2,"href":"https:\/\/nublo.tv\/index.php\/wp-json\/wp\/v2\/posts\/19753\/revisions"}],"predecessor-version":[{"id":19765,"href":"https:\/\/nublo.tv\/index.php\/wp-json\/wp\/v2\/posts\/19753\/revisions\/19765"}],"wp:featuredmedia":[{"embeddable":true,"href":"https:\/\/nublo.tv\/index.php\/wp-json\/wp\/v2\/media\/19760"}],"wp:attachment":[{"href":"https:\/\/nublo.tv\/index.php\/wp-json\/wp\/v2\/media?parent=19753"}],"wp:term":[{"taxonomy":"category","embeddable":true,"href":"https:\/\/nublo.tv\/index.php\/wp-json\/wp\/v2\/categories?post=19753"},{"taxonomy":"post_tag","embeddable":true,"href":"https:\/\/nublo.tv\/index.php\/wp-json\/wp\/v2\/tags?post=19753"}],"curies":[{"name":"wp","href":"https:\/\/api.w.org\/{rel}","templated":true}]}}