{"id":19755,"date":"2026-09-05T08:37:37","date_gmt":"2026-09-05T07:37:37","guid":{"rendered":"https:\/\/nublo.tv\/?p=19755"},"modified":"2026-09-05T08:37:37","modified_gmt":"2026-09-05T07:37:37","slug":"jose-corbacho-y-david-fernandez-presentan-su-espectaculo-david-y-jose-no-somos-estopa-en-galdar-y-la-laguna","status":"publish","type":"post","link":"https:\/\/nublo.tv\/index.php\/2026\/09\/05\/jose-corbacho-y-david-fernandez-presentan-su-espectaculo-david-y-jose-no-somos-estopa-en-galdar-y-la-laguna\/","title":{"rendered":"Jos\u00e9 Corbacho y David Fern\u00e1ndez presentan su espect\u00e1culo \u00abDavid y Jose. No Somos Estopa\u00bb en G\u00e1ldar y La Laguna"},"content":{"rendered":"<p><strong>Los c\u00f3micos y actores Jos\u00e9 Corbacho y David Fern\u00e1ndez presentar\u00e1n su espect\u00e1culo \u00abDavid y Jose. No Somos Estopa\u00bb en Gran Canaria y Tenerife en el marco del Festival Reislas, con actuaciones programadas el 12 de septiembre en el Centro Cultural Guaires de G\u00e1ldar y el 13 de septiembre en el Paraninfo de La Laguna.<\/strong><\/p>\n<p>La cita en el municipio grancanario dar\u00e1 comienzo a las 20:00 horas, mientras que la funci\u00f3n en la sede lagunera se iniciar\u00e1 a las 19:00 horas. La propuesta repasa con humor la amistad y la trayectoria profesional de ambos int\u00e9rpretes, quienes han coincidido a lo largo de sus carreras en proyectos teatrales como la compa\u00f1\u00eda La Cubana y en espacios televisivos vinculados a Andreu Buenafuente, \u00abTu Cara Me Suena\u00bb o \u00abMasterChef Celebrity\u00bb.<\/p>\n<p>El montaje aborda vivencias reales, an\u00e9cdotas exageradas y pasajes de ficci\u00f3n vividos dentro y fuera de los escenarios. Sobre el contenido de la obra, los humoristas destacan que su objetivo es \u00abintentar que la ficci\u00f3n supere a la realidad\u00bb y defienden la comedia como elemento de conexi\u00f3n: \u00abSi no sabes re\u00edrte de ti mismo, no te dediques al humor. Lo esencial que hacemos es burlarnos de nosotros\u00bb.<\/p>\n<p>Las entradas para los diferentes espect\u00e1culos del festival se encuentran disponibles en la plataforma web www.reislas.com, con precios que oscilan entre los 16 y los 40 euros seg\u00fan la funci\u00f3n. La iniciativa cuenta con la colaboraci\u00f3n del Gobierno de Canarias, a trav\u00e9s del Instituto Canario de Desarrollo Cultural (ICDC), los cabildos de Fuerteventura y La Gomera, los ayuntamientos de los municipios sede, la empresa Cicar, el restaurante Centro de Guayadeque y Spar Gran Canaria.<\/p>\n","protected":false},"excerpt":{"rendered":"<p>\u2018David y Jose. No Somos Estopa\u2019, el show de Jos\u00e9 Corbacho y David Fern\u00e1ndez se presenta en G\u00e1ldar y La Laguna &nbsp; El Festival Reislas programa dos funciones de los&hellip;<\/p>\n","protected":false},"author":1,"featured_media":19764,"comment_status":"open","ping_status":"open","sticky":false,"template":"","format":"standard","meta":{"wpai_generated_summary":"","wpai_meta_description":"","footnotes":""},"categories":[148],"tags":[],"class_list":["post-19755","post","type-post","status-publish","format-standard","has-post-thumbnail","hentry","category-cabildo-de-gran-canaria"],"_links":{"self":[{"href":"https:\/\/nublo.tv\/index.php\/wp-json\/wp\/v2\/posts\/19755","targetHints":{"allow":["GET"]}}],"collection":[{"href":"https:\/\/nublo.tv\/index.php\/wp-json\/wp\/v2\/posts"}],"about":[{"href":"https:\/\/nublo.tv\/index.php\/wp-json\/wp\/v2\/types\/post"}],"author":[{"embeddable":true,"href":"https:\/\/nublo.tv\/index.php\/wp-json\/wp\/v2\/users\/1"}],"replies":[{"embeddable":true,"href":"https:\/\/nublo.tv\/index.php\/wp-json\/wp\/v2\/comments?post=19755"}],"version-history":[{"count":2,"href":"https:\/\/nublo.tv\/index.php\/wp-json\/wp\/v2\/posts\/19755\/revisions"}],"predecessor-version":[{"id":19763,"href":"https:\/\/nublo.tv\/index.php\/wp-json\/wp\/v2\/posts\/19755\/revisions\/19763"}],"wp:featuredmedia":[{"embeddable":true,"href":"https:\/\/nublo.tv\/index.php\/wp-json\/wp\/v2\/media\/19764"}],"wp:attachment":[{"href":"https:\/\/nublo.tv\/index.php\/wp-json\/wp\/v2\/media?parent=19755"}],"wp:term":[{"taxonomy":"category","embeddable":true,"href":"https:\/\/nublo.tv\/index.php\/wp-json\/wp\/v2\/categories?post=19755"},{"taxonomy":"post_tag","embeddable":true,"href":"https:\/\/nublo.tv\/index.php\/wp-json\/wp\/v2\/tags?post=19755"}],"curies":[{"name":"wp","href":"https:\/\/api.w.org\/{rel}","templated":true}]}}