{"id":19771,"date":"2026-09-05T13:18:16","date_gmt":"2026-09-05T12:18:16","guid":{"rendered":"https:\/\/nublo.tv\/?p=19771"},"modified":"2026-09-05T13:18:16","modified_gmt":"2026-09-05T12:18:16","slug":"la-ud-las-palmas-cierra-la-semana-de-entrenamientos-tras-recibir-al-cd-leganes","status":"publish","type":"post","link":"https:\/\/nublo.tv\/index.php\/2026\/09\/05\/la-ud-las-palmas-cierra-la-semana-de-entrenamientos-tras-recibir-al-cd-leganes\/","title":{"rendered":"La UD Las Palmas cierra la semana de entrenamientos tras recibir al CD Legan\u00e9s"},"content":{"rendered":"<p><strong>La UD Las Palmas complet\u00f3 este s\u00e1bado una nueva semana de trabajo en Barranco Seco tras haber disputado en el Estadio de Gran Canaria la cuarta jornada de liga ante el CD Legan\u00e9s.<\/strong><\/p>\n<p>Durante la sesi\u00f3n matinal, el conjunto amarillo realiz\u00f3 rondos de siete contra dos, juegos de posici\u00f3n, ejercicios de movilidad y carreras, un circuito con finalizaciones y partidos en espacios reducidos.<\/p>\n<p>El equipo grancanario volver\u00e1 a los entrenamientos la pr\u00f3xima semana con el objetivo de preparar su siguiente compromiso liguero a domicilio, que le medir\u00e1 al C\u00e1diz CF el s\u00e1bado, 12 de septiembre, a las 15:15 horas en el JP Financial Estadio.<\/p>\n","protected":false},"excerpt":{"rendered":"<p>La UD Las Palmas pone punto y final a una nueva semana de competici\u00f3n, tras haber afrontado ayer la cuarta jornada de liga en el Gran Canaria.\u00a0 En la sesi\u00f3n&hellip;<\/p>\n","protected":false},"author":1,"featured_media":19774,"comment_status":"open","ping_status":"open","sticky":false,"template":"","format":"standard","meta":{"wpai_generated_summary":"","wpai_meta_description":"","footnotes":""},"categories":[122],"tags":[],"class_list":["post-19771","post","type-post","status-publish","format-standard","has-post-thumbnail","hentry","category-deportes"],"_links":{"self":[{"href":"https:\/\/nublo.tv\/index.php\/wp-json\/wp\/v2\/posts\/19771","targetHints":{"allow":["GET"]}}],"collection":[{"href":"https:\/\/nublo.tv\/index.php\/wp-json\/wp\/v2\/posts"}],"about":[{"href":"https:\/\/nublo.tv\/index.php\/wp-json\/wp\/v2\/types\/post"}],"author":[{"embeddable":true,"href":"https:\/\/nublo.tv\/index.php\/wp-json\/wp\/v2\/users\/1"}],"replies":[{"embeddable":true,"href":"https:\/\/nublo.tv\/index.php\/wp-json\/wp\/v2\/comments?post=19771"}],"version-history":[{"count":2,"href":"https:\/\/nublo.tv\/index.php\/wp-json\/wp\/v2\/posts\/19771\/revisions"}],"predecessor-version":[{"id":19777,"href":"https:\/\/nublo.tv\/index.php\/wp-json\/wp\/v2\/posts\/19771\/revisions\/19777"}],"wp:featuredmedia":[{"embeddable":true,"href":"https:\/\/nublo.tv\/index.php\/wp-json\/wp\/v2\/media\/19774"}],"wp:attachment":[{"href":"https:\/\/nublo.tv\/index.php\/wp-json\/wp\/v2\/media?parent=19771"}],"wp:term":[{"taxonomy":"category","embeddable":true,"href":"https:\/\/nublo.tv\/index.php\/wp-json\/wp\/v2\/categories?post=19771"},{"taxonomy":"post_tag","embeddable":true,"href":"https:\/\/nublo.tv\/index.php\/wp-json\/wp\/v2\/tags?post=19771"}],"curies":[{"name":"wp","href":"https:\/\/api.w.org\/{rel}","templated":true}]}}