{"id":19781,"date":"2026-09-05T14:57:58","date_gmt":"2026-09-05T13:57:58","guid":{"rendered":"https:\/\/nublo.tv\/?p=19781"},"modified":"2026-09-05T14:57:58","modified_gmt":"2026-09-05T13:57:58","slug":"canarias-declara-la-situacion-de-prealerta-por-viento-en-todo-el-archipielago","status":"publish","type":"post","link":"https:\/\/nublo.tv\/index.php\/2026\/09\/05\/canarias-declara-la-situacion-de-prealerta-por-viento-en-todo-el-archipielago\/","title":{"rendered":"Canarias declara la situaci\u00f3n de prealerta por viento en todo el archipi\u00e9lago"},"content":{"rendered":"<p><strong>El Gobierno de Canarias, a trav\u00e9s de la Direcci\u00f3n General de Emergencias, ha declarado la situaci\u00f3n de prealerta por viento en todas las islas a partir de las 17:00 horas de este s\u00e1bado, 5 de septiembre.<\/strong><\/p>\n<p>La medida se adopta en base a la informaci\u00f3n proporcionada por la Agencia Estatal de Meteorolog\u00eda y otras fuentes disponibles, en aplicaci\u00f3n del Plan Espec\u00edfico de Emergencias de Canarias por Riesgos de Fen\u00f3menos Meteorol\u00f3gicos Adversos (PEFMA).<\/p>\n<p>El \u00e1mbito territorial afectado abarca las zonas expuestas al alisio de El Hierro, La Palma, La Gomera, Tenerife y Gran Canaria, especialmente en cumbres y vertientes este, sureste, oeste y noroeste seg\u00fan la orograf\u00eda de cada isla, as\u00ed como en \u00e1reas de interior y el litoral sur de Lanzarote, el sur de Jand\u00eda y zonas de interior de Fuerteventura.<\/p>\n<p>La previsi\u00f3n meteorol\u00f3gica se\u00f1ala una intensificaci\u00f3n del alisio, con viento moderado a fuerte en \u00e1reas expuestas y posibilidad de rachas localmente muy fuertes, en especial durante la jornada del domingo.<\/p>\n<p>Por efecto orogr\u00e1fico, las mayores aceleraciones del viento se registrar\u00e1n en el interior y litoral sur de Lanzarote, el sur de Jand\u00eda en Fuerteventura, las vertientes este y oeste de Gran Canaria, el extremo noroeste y sur de Anaga en Tenerife, las vertientes este y noroeste de La Gomera, los extremos sureste y noroeste de La Palma, y las cumbres y vertientes sureste y oeste de El Hierro.<\/p>\n<p>Asimismo, la presencia de nubosidad media de car\u00e1cter convectivo podr\u00e1 provocar rachas puntualmente muy fuertes y de direcci\u00f3n variable en zonas altas. El episodio mantendr\u00e1 un car\u00e1cter irregular y localizado, por lo que se continuar\u00e1 el seguimiento de su evoluci\u00f3n y de las actualizaciones meteorol\u00f3gicas.<\/p>\n<p>Se insta a la poblaci\u00f3n a seguir los siguientes <a href=\"https:\/\/www.gobiernodecanarias.org\/emergencias\/alertas\/consejos\/viento_lluvias\/vientos.html\" target=\"_blank\" rel=\"noopener\">consejos de autoprotecci\u00f3n\u00a0<\/a>de la Direcci\u00f3n General de Emergencias.<\/p>\n<p><a href=\"https:\/\/www3.gobiernodecanarias.org\/noticias\/wp-content\/uploads\/2026\/09\/Declaracion-54-2026-PEFMA-RM-CAC-partes-1.pdf\">Declaraci\u00f3n 54 2026 PEFMA RM CAC (partes) (1)<\/a><\/p>\n","protected":false},"excerpt":{"rendered":"<p>El Gobierno de Canarias, a trav\u00e9s de la Direcci\u00f3n General de Emergencias, declara la situaci\u00f3n de prealerta por viento en todas las islas, a partir de las 17:00 horas de&hellip;<\/p>\n","protected":false},"author":1,"featured_media":19784,"comment_status":"open","ping_status":"open","sticky":false,"template":"","format":"standard","meta":{"wpai_generated_summary":"","wpai_meta_description":"","footnotes":""},"categories":[121],"tags":[],"class_list":["post-19781","post","type-post","status-publish","format-standard","has-post-thumbnail","hentry","category-noticias"],"_links":{"self":[{"href":"https:\/\/nublo.tv\/index.php\/wp-json\/wp\/v2\/posts\/19781","targetHints":{"allow":["GET"]}}],"collection":[{"href":"https:\/\/nublo.tv\/index.php\/wp-json\/wp\/v2\/posts"}],"about":[{"href":"https:\/\/nublo.tv\/index.php\/wp-json\/wp\/v2\/types\/post"}],"author":[{"embeddable":true,"href":"https:\/\/nublo.tv\/index.php\/wp-json\/wp\/v2\/users\/1"}],"replies":[{"embeddable":true,"href":"https:\/\/nublo.tv\/index.php\/wp-json\/wp\/v2\/comments?post=19781"}],"version-history":[{"count":2,"href":"https:\/\/nublo.tv\/index.php\/wp-json\/wp\/v2\/posts\/19781\/revisions"}],"predecessor-version":[{"id":19786,"href":"https:\/\/nublo.tv\/index.php\/wp-json\/wp\/v2\/posts\/19781\/revisions\/19786"}],"wp:featuredmedia":[{"embeddable":true,"href":"https:\/\/nublo.tv\/index.php\/wp-json\/wp\/v2\/media\/19784"}],"wp:attachment":[{"href":"https:\/\/nublo.tv\/index.php\/wp-json\/wp\/v2\/media?parent=19781"}],"wp:term":[{"taxonomy":"category","embeddable":true,"href":"https:\/\/nublo.tv\/index.php\/wp-json\/wp\/v2\/categories?post=19781"},{"taxonomy":"post_tag","embeddable":true,"href":"https:\/\/nublo.tv\/index.php\/wp-json\/wp\/v2\/tags?post=19781"}],"curies":[{"name":"wp","href":"https:\/\/api.w.org\/{rel}","templated":true}]}}