{"id":19787,"date":"2026-09-05T15:29:10","date_gmt":"2026-09-05T14:29:10","guid":{"rendered":"https:\/\/nublo.tv\/?p=19787"},"modified":"2026-09-05T15:29:10","modified_gmt":"2026-09-05T14:29:10","slug":"la-aldea-de-san-nicolas-celebrara-el-proximo-miercoles-su-feria-de-ganado-2026","status":"publish","type":"post","link":"https:\/\/nublo.tv\/index.php\/2026\/09\/05\/la-aldea-de-san-nicolas-celebrara-el-proximo-miercoles-su-feria-de-ganado-2026\/","title":{"rendered":"La Aldea de San Nicol\u00e1s celebrar\u00e1 el pr\u00f3ximo mi\u00e9rcoles su Feria de Ganado 2026"},"content":{"rendered":"<p><strong>El municipio de La Aldea de San Nicol\u00e1s celebrar\u00e1 el pr\u00f3ximo mi\u00e9rcoles una nueva edici\u00f3n de su tradicional Feria de Ganado, un evento enmarcado en el programa de las Fiestas de San Nicol\u00e1s de Tolentino 2026 y organizado por el Ayuntamiento en colaboraci\u00f3n con el Cabildo de Gran Canaria.<\/strong><\/p>\n<p>Bajo el lema \u00abTradici\u00f3n que se celebra\u00bb, el certamen reunir\u00e1 diferentes modalidades y categor\u00edas de ganado caprino, ovino, bovino, equino y asnal. La programaci\u00f3n incluye el reconocimiento a los mejores lotes de cabras, ovejas, machorras y corderas, adem\u00e1s de un sorteo de cuatro premios destinados a animales de compa\u00f1\u00eda. Las cuant\u00edas econ\u00f3micas contempladas alcanzan hasta los 250 euros en el caso de los primeros premios de vacas y toros.<\/p>\n<p>En el apartado de modalidades, el ganado caprino premiar\u00e1 a cabras y machos cabr\u00edos, mientras que el ovino distinguir\u00e1 a ovejas y carneros. Por su parte, la categor\u00eda bovina contar\u00e1 con premios para vacas, toros, novillas, novillos, becerras y becerros; la equina para yeguas, caballos, potras y potros; y la asnal incluir\u00e1 distinciones para burras, burros, mulas, mulos, burrillas y burrillos.<\/p>\n<p>El alcalde y concejal de Sector Primario, Pedro Su\u00e1rez, ha se\u00f1alado que \u00abla Feria de Ganado es una de esas celebraciones que hablan de qui\u00e9nes somos y de d\u00f3nde venimos. La ganader\u00eda ha formado parte de la vida de muchas generaciones de aldeanos y contin\u00faa siendo un elemento fundamental de nuestro sector primario. Por eso, desde el Ayuntamiento queremos seguir respaldando a quienes mantienen viva esta actividad y contribuir a que nuestras tradiciones se conserven y se transmitan a las nuevas generaciones\u00bb.<\/p>\n<p>El regidor municipal ha a\u00f1adido que \u00abesta feria es tambi\u00e9n un punto de encuentro entre ganaderos, familias y vecinos, pero sobre todo una oportunidad para reconocer p\u00fablicamente el esfuerzo de quienes trabajan cada d\u00eda en el campo. Detr\u00e1s de cada explotaci\u00f3n hay muchas horas de dedicaci\u00f3n, conocimiento y cuidado de los animales, y creemos que ese trabajo merece ser conocido, valorado y apoyado\u00bb.<\/p>\n<p>Asimismo, el material divulgativo de esta edici\u00f3n recupera la memoria del pastoreo local a trav\u00e9s de la figura de Justa S\u00e1nchez, \u00abSinforosa\u00bb, pastora de Cuermeja, en reconocimiento al arraigo hist\u00f3rico de esta actividad en el municipio.<\/p>\n","protected":false},"excerpt":{"rendered":"<p>La Aldea de San Nicol\u00e1s celebrar\u00e1 el pr\u00f3ximo mi\u00e9rcoles una nueva edici\u00f3n de su tradicional Feria de Ganado, una de las citas que forman parte del programa de las Fiestas&hellip;<\/p>\n","protected":false},"author":1,"featured_media":19790,"comment_status":"open","ping_status":"open","sticky":false,"template":"","format":"standard","meta":{"wpai_generated_summary":"","wpai_meta_description":"","footnotes":""},"categories":[131],"tags":[],"class_list":["post-19787","post","type-post","status-publish","format-standard","has-post-thumbnail","hentry","category-ayuntamiento-de-la-aldea-de-san-nicolas"],"_links":{"self":[{"href":"https:\/\/nublo.tv\/index.php\/wp-json\/wp\/v2\/posts\/19787","targetHints":{"allow":["GET"]}}],"collection":[{"href":"https:\/\/nublo.tv\/index.php\/wp-json\/wp\/v2\/posts"}],"about":[{"href":"https:\/\/nublo.tv\/index.php\/wp-json\/wp\/v2\/types\/post"}],"author":[{"embeddable":true,"href":"https:\/\/nublo.tv\/index.php\/wp-json\/wp\/v2\/users\/1"}],"replies":[{"embeddable":true,"href":"https:\/\/nublo.tv\/index.php\/wp-json\/wp\/v2\/comments?post=19787"}],"version-history":[{"count":2,"href":"https:\/\/nublo.tv\/index.php\/wp-json\/wp\/v2\/posts\/19787\/revisions"}],"predecessor-version":[{"id":19791,"href":"https:\/\/nublo.tv\/index.php\/wp-json\/wp\/v2\/posts\/19787\/revisions\/19791"}],"wp:featuredmedia":[{"embeddable":true,"href":"https:\/\/nublo.tv\/index.php\/wp-json\/wp\/v2\/media\/19790"}],"wp:attachment":[{"href":"https:\/\/nublo.tv\/index.php\/wp-json\/wp\/v2\/media?parent=19787"}],"wp:term":[{"taxonomy":"category","embeddable":true,"href":"https:\/\/nublo.tv\/index.php\/wp-json\/wp\/v2\/categories?post=19787"},{"taxonomy":"post_tag","embeddable":true,"href":"https:\/\/nublo.tv\/index.php\/wp-json\/wp\/v2\/tags?post=19787"}],"curies":[{"name":"wp","href":"https:\/\/api.w.org\/{rel}","templated":true}]}}