{"id":19792,"date":"2026-09-05T17:18:29","date_gmt":"2026-09-05T16:18:29","guid":{"rendered":"https:\/\/nublo.tv\/?p=19792"},"modified":"2026-09-05T17:18:29","modified_gmt":"2026-09-05T16:18:29","slug":"corte-de-trafico-por-obras-en-la-carretera-de-acceso-al-albergue-de-las-cuevas","status":"publish","type":"post","link":"https:\/\/nublo.tv\/index.php\/2026\/09\/05\/corte-de-trafico-por-obras-en-la-carretera-de-acceso-al-albergue-de-las-cuevas\/","title":{"rendered":"Corte de tr\u00e1fico por obras en la carretera de acceso al Albergue de Las Cuevas"},"content":{"rendered":"<p><img loading=\"lazy\" decoding=\"async\" class=\"wp-image-16247\" src=\"https:\/\/www.artenara.es\/portal-ciudadano\/wp-content\/uploads\/2026\/08\/CARTEL-CORTE-CARRETERA-LAS-CUEVAS-2-819x1024.webp\" alt=\"\" width=\"819\" height=\"1024\" \/><\/p>\n<p><strong>La carretera sin salida de acceso a los n\u00fameros 20 al 24 del Albergue de Las Cuevas permanecer\u00e1 cerrada al tr\u00e1fico de manera temporal por obras a partir del 10 de agosto de 2026.<\/strong><\/p>\n<p>La interrupci\u00f3n de la circulaci\u00f3n se mantendr\u00e1 vigente de forma continuada hasta la total finalizaci\u00f3n de los trabajos en la zona.<\/p>\n","protected":false},"excerpt":{"rendered":"<p>\ud83d\udea7 INFORMACI\u00d3N DE INTER\u00c9S \ud83d\udea7 CORTE DE TR\u00c1FICO CARRETERA SIN SALIDA ZONA LAS CUEVAS Se comunica el cierre temporal de la carretera de acceso a los n\u00fameros 20 al 24&hellip;<\/p>\n","protected":false},"author":1,"featured_media":19807,"comment_status":"open","ping_status":"open","sticky":false,"template":"","format":"standard","meta":{"wpai_generated_summary":"","wpai_meta_description":"","footnotes":""},"categories":[126],"tags":[],"class_list":["post-19792","post","type-post","status-publish","format-standard","has-post-thumbnail","hentry","category-ayuntamiento-de-artenara"],"_links":{"self":[{"href":"https:\/\/nublo.tv\/index.php\/wp-json\/wp\/v2\/posts\/19792","targetHints":{"allow":["GET"]}}],"collection":[{"href":"https:\/\/nublo.tv\/index.php\/wp-json\/wp\/v2\/posts"}],"about":[{"href":"https:\/\/nublo.tv\/index.php\/wp-json\/wp\/v2\/types\/post"}],"author":[{"embeddable":true,"href":"https:\/\/nublo.tv\/index.php\/wp-json\/wp\/v2\/users\/1"}],"replies":[{"embeddable":true,"href":"https:\/\/nublo.tv\/index.php\/wp-json\/wp\/v2\/comments?post=19792"}],"version-history":[{"count":2,"href":"https:\/\/nublo.tv\/index.php\/wp-json\/wp\/v2\/posts\/19792\/revisions"}],"predecessor-version":[{"id":19811,"href":"https:\/\/nublo.tv\/index.php\/wp-json\/wp\/v2\/posts\/19792\/revisions\/19811"}],"wp:featuredmedia":[{"embeddable":true,"href":"https:\/\/nublo.tv\/index.php\/wp-json\/wp\/v2\/media\/19807"}],"wp:attachment":[{"href":"https:\/\/nublo.tv\/index.php\/wp-json\/wp\/v2\/media?parent=19792"}],"wp:term":[{"taxonomy":"category","embeddable":true,"href":"https:\/\/nublo.tv\/index.php\/wp-json\/wp\/v2\/categories?post=19792"},{"taxonomy":"post_tag","embeddable":true,"href":"https:\/\/nublo.tv\/index.php\/wp-json\/wp\/v2\/tags?post=19792"}],"curies":[{"name":"wp","href":"https:\/\/api.w.org\/{rel}","templated":true}]}}