{"id":19794,"date":"2026-09-05T17:18:20","date_gmt":"2026-09-05T16:18:20","guid":{"rendered":"https:\/\/nublo.tv\/?p=19794"},"modified":"2026-09-05T17:18:20","modified_gmt":"2026-09-05T16:18:20","slug":"san-bartolome-de-tirajana-reabre-este-jueves-el-parque-multifuncional-de-el-tablero-tras-una-inversion-de-490-500-euros","status":"publish","type":"post","link":"https:\/\/nublo.tv\/index.php\/2026\/09\/05\/san-bartolome-de-tirajana-reabre-este-jueves-el-parque-multifuncional-de-el-tablero-tras-una-inversion-de-490-500-euros\/","title":{"rendered":"San Bartolom\u00e9 de Tirajana reabre este jueves el Parque Multifuncional de El Tablero tras una inversi\u00f3n de 490.500 euros"},"content":{"rendered":"<p><strong>El Ayuntamiento de San Bartolom\u00e9 de Tirajana reabrir\u00e1 oficialmente este jueves 23 de julio, a partir de las 17:00 horas, el Parque Multifuncional de El Tablero tras culminar las obras de rehabilitaci\u00f3n y mejora de sus instalaciones.<\/strong><\/p>\n<p>&nbsp;<\/p>\n<p>Los trabajos han supuesto una inversi\u00f3n cercana a los 490.500 euros, financiados a trav\u00e9s del Plan de Cooperaci\u00f3n del Cabildo de Gran Canaria con los Ayuntamientos. Para la jornada de reapertura, la Concejal\u00eda de Parques y Jardines, dirigida por Araceli Armas Cruz y Eduardo Armas Herrera, ha programado actividades de dinamizaci\u00f3n infantil, m\u00fasica y sorpresas.<\/p>\n<p>El recinto contar\u00e1 con un servicio de vigilancia y mantendr\u00e1 un programa de actividades infantiles cada jueves a las 17:00 horas hasta el inicio del curso escolar 2026\/27, con el fin de fomentar la convivencia y el correcto uso del espacio p\u00fablico.<\/p>\n<p>Entre las actuaciones principales destaca la reparaci\u00f3n y el saneamiento completo de los socavones situados en la solera de la cancha polideportiva. Esta incidencia motiv\u00f3 la clausura t\u00e9cnica de la instalaci\u00f3n para evitar riesgos a los usuarios, seg\u00fan recog\u00eda un informe de noviembre de 2022. La intervenci\u00f3n requiri\u00f3 la realizaci\u00f3n de catas de estudio previas para evaluar el alcance de los hundimientos, aprovech\u00e1ndose las obras para ampliar y mejorar dicho espacio deportivo.<\/p>\n<p>La rehabilitaci\u00f3n del parque ha incluido tambi\u00e9n la reposici\u00f3n del pavimento de amortiguaci\u00f3n y del c\u00e9sped artificial en las \u00e1reas infantiles, la instalaci\u00f3n de camas el\u00e1sticas y la sustituci\u00f3n de los antiguos toboganes met\u00e1licos por elementos de mayor resistencia a impactos y cambios t\u00e9rmicos. Asimismo, se ha ampliado la zona de merendero, sustituido las luminarias por tecnolog\u00eda led y habilitado zonas de sombra mediante velas.<\/p>\n<p>Por \u00faltimo, las obras han contemplado la retirada del pic\u00f3n de los parterres que ocupaba los pasos peatonales, la adecuaci\u00f3n y se\u00f1alizaci\u00f3n de las sendas para patinaje y bicicletas, el reacondicionamiento de las zonas vegetales y la instalaci\u00f3n de una nueva red de riego para las mismas.<\/p>\n<p>&nbsp;<\/p>\n","protected":false},"excerpt":{"rendered":"<p>21 Julio 2026, 379 visitas El Ayuntamiento de San Bartolom\u00e9 de Tirajana reabre este jueves el Parque Multifuncional de El Tablero con servicio de seguridad y tras someter sus instalaciones&hellip;<\/p>\n","protected":false},"author":1,"featured_media":19805,"comment_status":"open","ping_status":"open","sticky":false,"template":"","format":"standard","meta":{"wpai_generated_summary":"","wpai_meta_description":"","footnotes":""},"categories":[135],"tags":[],"class_list":["post-19794","post","type-post","status-publish","format-standard","has-post-thumbnail","hentry","category-ayuntamiento-de-san-bartolome-de-tirajana"],"_links":{"self":[{"href":"https:\/\/nublo.tv\/index.php\/wp-json\/wp\/v2\/posts\/19794","targetHints":{"allow":["GET"]}}],"collection":[{"href":"https:\/\/nublo.tv\/index.php\/wp-json\/wp\/v2\/posts"}],"about":[{"href":"https:\/\/nublo.tv\/index.php\/wp-json\/wp\/v2\/types\/post"}],"author":[{"embeddable":true,"href":"https:\/\/nublo.tv\/index.php\/wp-json\/wp\/v2\/users\/1"}],"replies":[{"embeddable":true,"href":"https:\/\/nublo.tv\/index.php\/wp-json\/wp\/v2\/comments?post=19794"}],"version-history":[{"count":2,"href":"https:\/\/nublo.tv\/index.php\/wp-json\/wp\/v2\/posts\/19794\/revisions"}],"predecessor-version":[{"id":19810,"href":"https:\/\/nublo.tv\/index.php\/wp-json\/wp\/v2\/posts\/19794\/revisions\/19810"}],"wp:featuredmedia":[{"embeddable":true,"href":"https:\/\/nublo.tv\/index.php\/wp-json\/wp\/v2\/media\/19805"}],"wp:attachment":[{"href":"https:\/\/nublo.tv\/index.php\/wp-json\/wp\/v2\/media?parent=19794"}],"wp:term":[{"taxonomy":"category","embeddable":true,"href":"https:\/\/nublo.tv\/index.php\/wp-json\/wp\/v2\/categories?post=19794"},{"taxonomy":"post_tag","embeddable":true,"href":"https:\/\/nublo.tv\/index.php\/wp-json\/wp\/v2\/tags?post=19794"}],"curies":[{"name":"wp","href":"https:\/\/api.w.org\/{rel}","templated":true}]}}