{"id":198,"date":"2026-08-04T17:35:23","date_gmt":"2026-08-04T16:35:23","guid":{"rendered":"https:\/\/nublo.tv\/?p=198"},"modified":"2026-08-04T17:35:23","modified_gmt":"2026-08-04T16:35:23","slug":"la-avenida-de-canarias-ya-tiene-el-banco-que-recuerda-a-la-costurera-amadita-santana","status":"publish","type":"post","link":"https:\/\/nublo.tv\/index.php\/2026\/08\/04\/la-avenida-de-canarias-ya-tiene-el-banco-que-recuerda-a-la-costurera-amadita-santana\/","title":{"rendered":"La Avenida de Canarias ya tiene el banco que recuerda a la costurera Amadita Santana"},"content":{"rendered":"<p><strong>Santa Luc\u00eda de Tirajana, mi\u00e9rcoles 29 de julio 2026.- <\/strong>\u00a0\u2018Amadita, sentada en este banco sembraste recuerdos que nunca se ir\u00e1n. Te queremos\u2019. As\u00ed dice la placa que desde hoy ese puede ver en un banco en la Avenida de Canarias, justo enfrente de la farmacia de Fernando Mart\u00ednez. Desde este mi\u00e9rcoles se le conocer\u00e1 como el banco de Amadita.<\/p>\n<p>El periodista y escritor uruguayo Eduardo Galeano escribi\u00f3 \u2018Recordar: del lat\u00edn re-cordis, volver a pasar por el coraz\u00f3n\u2019. Que a Amadita la recuerdan con cari\u00f1o se pudo demostrar la tarde de este martes cuando se reunieron varias decenas de personas alrededor de uno de los bancos de la zona peatonal de la Avenida de Canarias, un banco de madera como los muchos que hay en esta zona. Pero precisamente en este banco es donde se sentaba cada tarde Amadita Santana a conversar con sus amigas.<\/p>\n<p>Las hijas de Amadita, Yesentia y Domitila, pidieron permiso al Ayuntamiento de Santa Luc\u00eda de Tirajana para poner una placa en el banco donde se sentaba su madre. Los familiares invitaron al alcalde y concejales y concejalas a la inauguraci\u00f3n de la placa, y el acto ante algunas de decenas de amigos y familiares se convirti\u00f3 en un emotivo acto de reconocimiento a Amadita, con palabras en su recuerdo y aplausos cuando se descubri\u00f3 la placa.<\/p>\n<p>El alcalde de Santa Luc\u00eda de Tirajana Francisco Garc\u00eda destac\u00f3 que\u00a0 \u201ceste banco expresa lo que signific\u00f3 Amadita Santana para esta ciudad, madre de dos hijos que sac\u00f3 adelante con mucho sacrificio, dedic\u00e1ndose a la costura, trabaj\u00f3 y cuid\u00f3 a su familia y adem\u00e1s tiene 2 nietos\u201d.<\/p>\n<p>Su hija Yesenia Robaina Santana considera que \u201ces una enorme alegr\u00eda pasar por aqu\u00ed y ver su nombre donde ella se sentaba siempre\u201d. Su hija Domitila recuerda que \u201cella se dedic\u00f3 a la costura y pas\u00f3 la mayor parte de su vida aqu\u00ed en Vecindario\u201d. La hija se\u00f1ala que \u201cella se sentaba en este banco con sus amigas, era una manera de distraerse\u201d. La idea de la placa surgi\u00f3 porque \u201ca mi me paraban muchas veces y me dec\u00edan me acuerdo de tu madre cada vez que paso por ah\u00ed\u201d.\u00a0 Desde ese mismo banco Amadita ve\u00eda la entrada de su casa, y se quedaba m\u00e1s tranquila cuando ve\u00eda que llegaban sus hijas. Desde esta semana la gente que se siente podr\u00e1 ver en la placa que muchos siguen recordando a Amadita.<\/p>\n<p>Gabinete de Comunicaci\u00f3n, Santa Luc\u00eda de Tirajana mi\u00e9rcoles 29 de julio de julio\u00a0 de\u00a0 2026.<\/p>\n","protected":false},"excerpt":{"rendered":"<p>Santa Luc\u00eda de Tirajana, mi\u00e9rcoles 29 de julio 2026.- \u00a0\u2018Amadita, sentada en este banco sembraste recuerdos que nunca se ir\u00e1n. Te queremos\u2019. As\u00ed dice la placa que desde hoy ese&hellip;<\/p>\n","protected":false},"author":18,"featured_media":199,"comment_status":"open","ping_status":"open","sticky":false,"template":"","format":"standard","meta":{"wpai_generated_summary":"","wpai_meta_description":"","footnotes":""},"categories":[137],"tags":[],"class_list":["post-198","post","type-post","status-publish","format-standard","has-post-thumbnail","hentry","category-ayuntamiento-de-santa-lucia-de-tirajana"],"_links":{"self":[{"href":"https:\/\/nublo.tv\/index.php\/wp-json\/wp\/v2\/posts\/198","targetHints":{"allow":["GET"]}}],"collection":[{"href":"https:\/\/nublo.tv\/index.php\/wp-json\/wp\/v2\/posts"}],"about":[{"href":"https:\/\/nublo.tv\/index.php\/wp-json\/wp\/v2\/types\/post"}],"author":[{"embeddable":true,"href":"https:\/\/nublo.tv\/index.php\/wp-json\/wp\/v2\/users\/18"}],"replies":[{"embeddable":true,"href":"https:\/\/nublo.tv\/index.php\/wp-json\/wp\/v2\/comments?post=198"}],"version-history":[{"count":1,"href":"https:\/\/nublo.tv\/index.php\/wp-json\/wp\/v2\/posts\/198\/revisions"}],"predecessor-version":[{"id":529,"href":"https:\/\/nublo.tv\/index.php\/wp-json\/wp\/v2\/posts\/198\/revisions\/529"}],"wp:featuredmedia":[{"embeddable":true,"href":"https:\/\/nublo.tv\/index.php\/wp-json\/wp\/v2\/media\/199"}],"wp:attachment":[{"href":"https:\/\/nublo.tv\/index.php\/wp-json\/wp\/v2\/media?parent=198"}],"wp:term":[{"taxonomy":"category","embeddable":true,"href":"https:\/\/nublo.tv\/index.php\/wp-json\/wp\/v2\/categories?post=198"},{"taxonomy":"post_tag","embeddable":true,"href":"https:\/\/nublo.tv\/index.php\/wp-json\/wp\/v2\/tags?post=198"}],"curies":[{"name":"wp","href":"https:\/\/api.w.org\/{rel}","templated":true}]}}