{"id":19818,"date":"2026-09-06T03:26:02","date_gmt":"2026-09-06T02:26:02","guid":{"rendered":"https:\/\/nublo.tv\/?p=19818"},"modified":"2026-09-06T03:26:02","modified_gmt":"2026-09-06T02:26:02","slug":"rosario-8-y-la-tradicional-retreta-marcan-la-ultima-gran-noche-de-las-fiestas-de-barrial","status":"publish","type":"post","link":"https:\/\/nublo.tv\/index.php\/2026\/09\/06\/rosario-8-y-la-tradicional-retreta-marcan-la-ultima-gran-noche-de-las-fiestas-de-barrial\/","title":{"rendered":"Rosario 8 y la tradicional retreta marcan la \u00faltima gran noche de las fiestas de Barrial"},"content":{"rendered":"<p><em>Las charangas Guiniguada y Vitamina Band pusieron m\u00fasica a la retreta antes de que Rosario 8 convirtiera la Plaza Jos\u00e9 Rodr\u00edguez Quintana en una gran pista de baile<\/em><\/p>\n<p>La \u00faltima gran noche de las fiestas en honor a Nuestra Se\u00f1ora de los Desamparados de Barrial tuvo en Rosario 8 a uno de sus grandes protagonistas, en una jornada que comenz\u00f3 con la tradicional retreta y termin\u00f3 con una plaza entregada a la m\u00fasica y al baile.<\/p>\n<p>A las 20:30 horas, desde el frontis del Estadio de Barrial, parti\u00f3 la tradicional retreta, que inici\u00f3 su recorrido acompa\u00f1ada por la charanga Guiniguada. Durante la segunda parte tom\u00f3 el relevo Vitamina Band, manteniendo el ritmo y la animaci\u00f3n por las calles del barrio hasta el final del recorrido.<\/p>\n<p>La retreta volvi\u00f3 a ser una de las citas m\u00e1s participativas de las fiestas, llevando la m\u00fasica a las calles y reuniendo a vecinos y visitantes en torno a una celebraci\u00f3n que forma parte de la identidad festiva de Barrial.<\/p>\n<p>Pero el gran momento musical de la noche lleg\u00f3 a partir de las 23:00 horas, cuando Rosario 8 subi\u00f3 al escenario de la Plaza Jos\u00e9 Rodr\u00edguez Quintana. La formaci\u00f3n consigui\u00f3 desde los primeros compases conectar con el p\u00fablico y transformar la plaza en una aut\u00e9ntica pista de baile.<\/p>\n<p>Rosario 8 ofreci\u00f3 un repertorio basado en versiones de grandes artistas y grupos del pop y el rock de diferentes \u00e9pocas, recorriendo canciones reconocibles por varias generaciones. La variedad del repertorio, el ritmo de la actuaci\u00f3n y la conexi\u00f3n con el p\u00fablico hicieron que la plaza mantuviera durante toda la noche un ambiente festivo, con numerosas personas bailando y acompa\u00f1ando cada uno de los temas.<\/p>\n<p>La actuaci\u00f3n tuvo adem\u00e1s un momento especialmente emotivo cuando la formaci\u00f3n dedic\u00f3 el concierto a Pepe el de Kika, quien fue la persona que llev\u00f3 por primera vez al grupo hasta Barrial. El reconocimiento sirvi\u00f3 para recordar aquella primera actuaci\u00f3n y poner en valor los v\u00ednculos que la m\u00fasica y las fiestas van construyendo con el paso de los a\u00f1os.<\/p>\n<p>La respuesta del p\u00fablico fue especialmente destacada, con una importante afluencia en la Plaza Jos\u00e9 Rodr\u00edguez Quintana y su entorno, convirtiendo el concierto de Rosario 8 en uno de los grandes momentos de las fiestas de este a\u00f1o.<\/p>\n<p>El presidente de la Asociaci\u00f3n de Vecinos Amagro, Pepe Garc\u00eda, resumi\u00f3 as\u00ed la noche: Rosario 8 hizo bailar a Barrial. Ha sido una noche para recordar. Garc\u00eda tambi\u00e9n quiso poner en valor el car\u00e1cter de la jornada: Cuando una plaza se llena de m\u00fasica, baile y convivencia, sabemos que las fiestas han cumplido su objetivo.<\/p>\n<p>La noche dej\u00f3 as\u00ed una de esas im\u00e1genes que permanecen en el recuerdo de unas fiestas: la Plaza Jos\u00e9 Rodr\u00edguez Quintana bailando al ritmo de Rosario 8, despu\u00e9s de una retreta que hab\u00eda llevado previamente la m\u00fasica y la animaci\u00f3n por las calles de Barrial.<\/p>\n<p>Aunque con esta jornada concluyen las principales citas nocturnas, las fiestas mantienen su actividad este domingo 6 de septiembre con una nueva edici\u00f3n del Mercadillo de Barrial y una exposici\u00f3n de coches cl\u00e1sicos, prolongando durante la ma\u00f1ana el ambiente de encuentro y participaci\u00f3n.<\/p>\n<p>Las fiestas en honor a Nuestra Se\u00f1ora de los Desamparados encaran as\u00ed su recta final despu\u00e9s de varias semanas de actividades, encuentros, m\u00fasica y tradici\u00f3n, con una noche en la que Rosario 8 se convirti\u00f3 en protagonista y volvi\u00f3 a demostrar que la m\u00fasica sigue siendo uno de los grandes puntos de encuentro de las celebraciones de Barrial.<\/p>\n<p>&nbsp;<\/p>\n","protected":false},"excerpt":{"rendered":"<p>Las charangas Guiniguada y Vitamina Band pusieron m\u00fasica a la retreta antes de que Rosario 8 convirtiera la Plaza Jos\u00e9 Rodr\u00edguez Quintana en una gran pista de baile La \u00faltima gran noche de las fiestas en honor a Nuestra Se\u00f1ora de los Desamparados de Barrial tuvo en Rosario 8 a uno de sus grandes protagonistas, [&hellip;]<\/p>\n","protected":false},"author":50,"featured_media":19819,"comment_status":"open","ping_status":"open","sticky":false,"template":"","format":"standard","meta":{"wpai_generated_summary":"","wpai_meta_description":"","footnotes":""},"categories":[153],"tags":[],"class_list":["post-19818","post","type-post","status-publish","format-standard","has-post-thumbnail","hentry","category-galdar"],"_links":{"self":[{"href":"https:\/\/nublo.tv\/index.php\/wp-json\/wp\/v2\/posts\/19818","targetHints":{"allow":["GET"]}}],"collection":[{"href":"https:\/\/nublo.tv\/index.php\/wp-json\/wp\/v2\/posts"}],"about":[{"href":"https:\/\/nublo.tv\/index.php\/wp-json\/wp\/v2\/types\/post"}],"author":[{"embeddable":true,"href":"https:\/\/nublo.tv\/index.php\/wp-json\/wp\/v2\/users\/50"}],"replies":[{"embeddable":true,"href":"https:\/\/nublo.tv\/index.php\/wp-json\/wp\/v2\/comments?post=19818"}],"version-history":[{"count":1,"href":"https:\/\/nublo.tv\/index.php\/wp-json\/wp\/v2\/posts\/19818\/revisions"}],"predecessor-version":[{"id":19820,"href":"https:\/\/nublo.tv\/index.php\/wp-json\/wp\/v2\/posts\/19818\/revisions\/19820"}],"wp:featuredmedia":[{"embeddable":true,"href":"https:\/\/nublo.tv\/index.php\/wp-json\/wp\/v2\/media\/19819"}],"wp:attachment":[{"href":"https:\/\/nublo.tv\/index.php\/wp-json\/wp\/v2\/media?parent=19818"}],"wp:term":[{"taxonomy":"category","embeddable":true,"href":"https:\/\/nublo.tv\/index.php\/wp-json\/wp\/v2\/categories?post=19818"},{"taxonomy":"post_tag","embeddable":true,"href":"https:\/\/nublo.tv\/index.php\/wp-json\/wp\/v2\/tags?post=19818"}],"curies":[{"name":"wp","href":"https:\/\/api.w.org\/{rel}","templated":true}]}}