{"id":19826,"date":"2026-09-06T14:40:44","date_gmt":"2026-09-06T13:40:44","guid":{"rendered":"https:\/\/nublo.tv\/?p=19826"},"modified":"2026-09-06T14:40:44","modified_gmt":"2026-09-06T13:40:44","slug":"el-mercadillo-y-los-coches-clasicos-ponen-el-broche-a-las-fiestas-de-barrial-2026","status":"publish","type":"post","link":"https:\/\/nublo.tv\/index.php\/2026\/09\/06\/el-mercadillo-y-los-coches-clasicos-ponen-el-broche-a-las-fiestas-de-barrial-2026\/","title":{"rendered":"El Mercadillo y los coches cl\u00e1sicos ponen el broche a las fiestas de Barrial 2026"},"content":{"rendered":"<p><em>Estas dos actividades convirtieron a Barrial en el epicentro festivo de G\u00e1ldar este domingo.<\/em><\/p>\n<p>Barrial volvi\u00f3 a demostrar este domingo su capacidad para reunir a vecinos y visitantes en torno a una jornada cargada de actividad, ambiente y participaci\u00f3n. El Mercadillo Dominical, celebrado en la plaza, reuni\u00f3 a m\u00e1s de una veintena de puestos que ofrecieron durante la ma\u00f1ana una amplia variedad de productos, convirtiendo el espacio en un concurrido punto de encuentro y en una buena oportunidad para dinamizar el comercio local. La afluencia de p\u00fablico fue notable y los puestos registraron buenas ventas a lo largo de la jornada.<\/p>\n<p>El presidente de la Asociaci\u00f3n de Vecinos Amagro, Pepe Garc\u00eda, destac\u00f3 que el poder de convocatoria de Barrial es extraordinario, aunque se\u00f1al\u00f3 que el principal objetivo del Mercadillo es que los puesteros puedan vender toda la mercanc\u00eda que traen. \u201cQue Barrial tenga este poder de convocatoria es extraordinario, pero nuestra m\u00e1xima es que los puesteros vendan todo lo que traen. Por suerte, despu\u00e9s de cinco ediciones, ya son muchos los que se marchan pr\u00e1cticamente con toda la mercanc\u00eda vendida, y eso es una gran satisfacci\u00f3n porque significa que el Mercadillo est\u00e1 funcionando y que estamos consiguiendo dinamizar el comercio\u201d, se\u00f1al\u00f3.<\/p>\n<p>La actividad del mercadillo estuvo acompa\u00f1ada por diferentes propuestas que mantuvieron el ambiente festivo durante toda la ma\u00f1ana. La Orquesta Luz de Luna puso la m\u00fasica y consigui\u00f3 que numerosas personas se animaran a bailar, mientras la batucada Rumanxao aport\u00f3 ritmo y energ\u00eda a las calles de Barrial. A estas propuestas se sum\u00f3 el taller de percusi\u00f3n organizado por Tagoro Ajei, que permiti\u00f3 acercar la m\u00fasica y la percusi\u00f3n a los participantes.<\/p>\n<p>Como viene siendo habitual en cada edici\u00f3n del Mercadillo Dominical, tampoco faltaron los sorteos entre los asistentes, con productos aportados por los propios puesteros. Entre ellos se encontraba el sorteo de un queso, dentro de una iniciativa que forma parte ya del desarrollo habitual de estas jornadas y que contribuye a crear ambiente y participaci\u00f3n alrededor de los puestos.<\/p>\n<p>La jornada tuvo adem\u00e1s otro gran foco de atenci\u00f3n en la calle La Constituci\u00f3n, donde se celebr\u00f3 una exposici\u00f3n de veh\u00edculos cl\u00e1sicos que reuni\u00f3 alrededor de un centenar de coches y motocicletas. El movimiento generado por esta concentraci\u00f3n convirti\u00f3 la v\u00eda en otro de los puntos m\u00e1s concurridos de Barrial, sumando el atractivo del motor a una jornada que ya contaba con comercio, m\u00fasica y actividades para todas las edades.<\/p>\n<p>A todo ello se a\u00f1adi\u00f3 la llegada de una excursi\u00f3n con cuatro guaguas al sal\u00f3n de actos de la Asociaci\u00f3n de Vecinos Amagro, incrementando todav\u00eda m\u00e1s el movimiento de personas durante la jornada. Mercadillo, m\u00fasica, batucada, percusi\u00f3n, veh\u00edculos cl\u00e1sicos y visitantes llegados desde otros puntos hicieron que Barrial se convirtiera este domingo en uno de los principales puntos de encuentro y actividad de G\u00e1ldar.<\/p>\n<p>Pepe Garc\u00eda tambi\u00e9n quiso poner en valor el trabajo desarrollado por la junta directiva de la Asociaci\u00f3n de Vecinos Amagro, destacando su compromiso y dedicaci\u00f3n tanto en la organizaci\u00f3n de esta jornada como en el conjunto de las fiestas, que durante las \u00faltimas semanas han llevado una intensa programaci\u00f3n al barrio.<\/p>\n<p>Con esta jornada, las fiestas de Barrial afrontan el cierre de su tramo festivo m\u00e1s intenso, aunque todav\u00eda quedan algunas actividades en el calendario, entre ellas los juegos sociales y algunos talleres que prolongar\u00e1n la programaci\u00f3n en los pr\u00f3ximos d\u00edas.<\/p>\n<p>El Mercadillo Dominical regresar\u00e1 el pr\u00f3ximo domingo 4 de octubre, recuperando una cita que, despu\u00e9s de cinco ediciones, contin\u00faa consolid\u00e1ndose como un espacio para el comercio, el encuentro y la dinamizaci\u00f3n del barrio. Una nueva oportunidad para que Barrial vuelva a abrir sus puertas al p\u00fablico y mantener viva una iniciativa que ya comienza a dejar resultados entre quienes participan en ella.<\/p>\n<p>Porque no es un lugar cualquiera, es Barrial de G\u00e1ldar.<\/p>\n<p>&nbsp;<\/p>\n","protected":false},"excerpt":{"rendered":"<p>Estas dos actividades convirtieron a Barrial en el epicentro festivo de G\u00e1ldar este domingo. Barrial volvi\u00f3 a demostrar este domingo su capacidad para reunir a vecinos y visitantes en torno a una jornada cargada de actividad, ambiente y participaci\u00f3n. El Mercadillo Dominical, celebrado en la plaza, reuni\u00f3 a m\u00e1s de una veintena de puestos que [&hellip;]<\/p>\n","protected":false},"author":50,"featured_media":19828,"comment_status":"open","ping_status":"open","sticky":false,"template":"","format":"standard","meta":{"wpai_generated_summary":"","wpai_meta_description":"","footnotes":""},"categories":[153,121],"tags":[],"class_list":["post-19826","post","type-post","status-publish","format-standard","has-post-thumbnail","hentry","category-galdar","category-noticias"],"_links":{"self":[{"href":"https:\/\/nublo.tv\/index.php\/wp-json\/wp\/v2\/posts\/19826","targetHints":{"allow":["GET"]}}],"collection":[{"href":"https:\/\/nublo.tv\/index.php\/wp-json\/wp\/v2\/posts"}],"about":[{"href":"https:\/\/nublo.tv\/index.php\/wp-json\/wp\/v2\/types\/post"}],"author":[{"embeddable":true,"href":"https:\/\/nublo.tv\/index.php\/wp-json\/wp\/v2\/users\/50"}],"replies":[{"embeddable":true,"href":"https:\/\/nublo.tv\/index.php\/wp-json\/wp\/v2\/comments?post=19826"}],"version-history":[{"count":1,"href":"https:\/\/nublo.tv\/index.php\/wp-json\/wp\/v2\/posts\/19826\/revisions"}],"predecessor-version":[{"id":19829,"href":"https:\/\/nublo.tv\/index.php\/wp-json\/wp\/v2\/posts\/19826\/revisions\/19829"}],"wp:featuredmedia":[{"embeddable":true,"href":"https:\/\/nublo.tv\/index.php\/wp-json\/wp\/v2\/media\/19828"}],"wp:attachment":[{"href":"https:\/\/nublo.tv\/index.php\/wp-json\/wp\/v2\/media?parent=19826"}],"wp:term":[{"taxonomy":"category","embeddable":true,"href":"https:\/\/nublo.tv\/index.php\/wp-json\/wp\/v2\/categories?post=19826"},{"taxonomy":"post_tag","embeddable":true,"href":"https:\/\/nublo.tv\/index.php\/wp-json\/wp\/v2\/tags?post=19826"}],"curies":[{"name":"wp","href":"https:\/\/api.w.org\/{rel}","templated":true}]}}