{"id":19830,"date":"2026-09-06T14:57:54","date_gmt":"2026-09-06T13:57:54","guid":{"rendered":"https:\/\/nublo.tv\/?p=19830"},"modified":"2026-09-06T14:57:54","modified_gmt":"2026-09-06T13:57:54","slug":"canarias-declara-la-alerta-por-temperaturas-maximas-en-gran-canaria-y-la-prealerta-en-el-resto-de-las-islas","status":"publish","type":"post","link":"https:\/\/nublo.tv\/index.php\/2026\/09\/06\/canarias-declara-la-alerta-por-temperaturas-maximas-en-gran-canaria-y-la-prealerta-en-el-resto-de-las-islas\/","title":{"rendered":"Canarias declara la alerta por temperaturas m\u00e1ximas en Gran Canaria y la prealerta en el resto de las islas"},"content":{"rendered":"<p><strong>El Gobierno de Canarias, a trav\u00e9s de la Direcci\u00f3n General de Emergencias, ha actualizado la situaci\u00f3n y ha declarado la alerta por temperaturas m\u00e1ximas en Gran Canaria y la prealerta en el resto del archipi\u00e9lago a partir de las 10:00 horas de este lunes, 7 de septiembre.<\/strong><\/p>\n<p>La decisi\u00f3n se fundamenta en la informaci\u00f3n facilitada por la Agencia Estatal de Meteorolog\u00eda y otras fuentes disponibles, en aplicaci\u00f3n del Plan Espec\u00edfico de Emergencias de Canarias por Riesgos de Fen\u00f3menos Meteorol\u00f3gicos Adversos (PEFMA). La alerta afecta a la mitad sur de Gran Canaria (vertientes este, sur y oeste), mientras que en el resto de la comunidad aut\u00f3noma se declara o actualiza la prealerta ante la llegada de un episodio c\u00e1lido de caracter\u00edsticas tropicales con alta incertidumbre en su evoluci\u00f3n.<\/p>\n<p>En Gran Canaria se prev\u00e9n registros que superar\u00e1n los 35\u00baC en amplias zonas de la cuenca de Tejeda, median\u00edas y cotas bajas orientadas al sur y oeste. De forma m\u00e1s local, en median\u00edas y cumbres del sur, los term\u00f3metros podr\u00e1n alcanzar los 39\u00baC a partir del lunes e incluso los 40\u00baC durante el martes. Por su parte, en Fuerteventura y Lanzarote el calor incidir\u00e1 en la mitad sur de ambas islas y en la depresi\u00f3n interior de Fuerteventura, con m\u00e1ximas de 36\u00baC desde el lunes que podr\u00edan superarse puntualmente el martes.<\/p>\n<p>En la provincia occidental, Tenerife prev\u00e9 alcanzar de forma generalizada los 33\u00baC \u2014con opci\u00f3n de superar los 34\u00baC en \u00e1reas concretas\u2014 y ascender hasta los 36\u00baC el martes en cumbres, median\u00edas del sur y oeste, y la vertiente sur del \u00e1rea metropolitana. En La Gomera y El Hierro se prev\u00e9n hasta 36\u00baC el martes en median\u00edas y zonas altas de la mitad sur, mientras que en La Palma se registrar\u00e1n 34\u00baC de forma general en cumbres y vertientes oeste, llegando a 36\u00baC en El Paso y el interior de La Caldera de Taburiente.<\/p>\n<p>Asimismo, se esperan temperaturas nocturnas elevadas que apenas bajar\u00e1n de los 25 o 26\u00baC, especialmente en la provincia de Las Palmas, lo que dificultar\u00e1 la recuperaci\u00f3n t\u00e9rmica. La Direcci\u00f3n General de Emergencias mantendr\u00e1 el seguimiento del fen\u00f3meno ante la posibilidad de incorporar nuevas islas a la situaci\u00f3n de alerta en las pr\u00f3ximas horas, previ\u00e9ndose una mejor\u00eda a partir del mi\u00e9rcoles.<\/p>\n<p>Se insta a la poblaci\u00f3n a seguir los siguientes <a href=\"https:\/\/www.gobiernodecanarias.org\/emergencias\/alertas\/consejos\/temperaturas\/temperaturas.html\" target=\"_blank\" rel=\"noopener\">consejos de autoprotecci\u00f3n<\/a> de la Direcci\u00f3n General de Emergencias.<\/p>\n<p><a href=\"https:\/\/www3.gobiernodecanarias.org\/noticias\/wp-content\/uploads\/2026\/09\/Actualizacion-2-53-PEFMA-TA-A-GC-PA-CAC-1.pdf\">Actualizaci\u00f3n 2 53 PEFMA TA A GC PA CAC (1).<\/a><\/p>\n<p><a href=\"https:\/\/www3.gobiernodecanarias.org\/noticias\/wp-content\/uploads\/2026\/09\/RECOMENDACIONES-TEMPERATURAS-MAXIMAS_-1.pdf\">RECOMENDACIONES TEMPERATURAS M\u00c1XIMAS_ (1)<\/a><\/p>\n","protected":false},"excerpt":{"rendered":"<p>El resto del archipi\u00e9lago estar\u00e1 en situaci\u00f3n de prealerta por este mismo fen\u00f3meno El Gobierno de Canarias, a trav\u00e9s de la Direcci\u00f3n General de Emergencias, actualiza la situaci\u00f3n pasando a&hellip;<\/p>\n","protected":false},"author":1,"featured_media":19833,"comment_status":"open","ping_status":"open","sticky":false,"template":"","format":"standard","meta":{"wpai_generated_summary":"","wpai_meta_description":"","footnotes":""},"categories":[121],"tags":[],"class_list":["post-19830","post","type-post","status-publish","format-standard","has-post-thumbnail","hentry","category-noticias"],"_links":{"self":[{"href":"https:\/\/nublo.tv\/index.php\/wp-json\/wp\/v2\/posts\/19830","targetHints":{"allow":["GET"]}}],"collection":[{"href":"https:\/\/nublo.tv\/index.php\/wp-json\/wp\/v2\/posts"}],"about":[{"href":"https:\/\/nublo.tv\/index.php\/wp-json\/wp\/v2\/types\/post"}],"author":[{"embeddable":true,"href":"https:\/\/nublo.tv\/index.php\/wp-json\/wp\/v2\/users\/1"}],"replies":[{"embeddable":true,"href":"https:\/\/nublo.tv\/index.php\/wp-json\/wp\/v2\/comments?post=19830"}],"version-history":[{"count":2,"href":"https:\/\/nublo.tv\/index.php\/wp-json\/wp\/v2\/posts\/19830\/revisions"}],"predecessor-version":[{"id":19834,"href":"https:\/\/nublo.tv\/index.php\/wp-json\/wp\/v2\/posts\/19830\/revisions\/19834"}],"wp:featuredmedia":[{"embeddable":true,"href":"https:\/\/nublo.tv\/index.php\/wp-json\/wp\/v2\/media\/19833"}],"wp:attachment":[{"href":"https:\/\/nublo.tv\/index.php\/wp-json\/wp\/v2\/media?parent=19830"}],"wp:term":[{"taxonomy":"category","embeddable":true,"href":"https:\/\/nublo.tv\/index.php\/wp-json\/wp\/v2\/categories?post=19830"},{"taxonomy":"post_tag","embeddable":true,"href":"https:\/\/nublo.tv\/index.php\/wp-json\/wp\/v2\/tags?post=19830"}],"curies":[{"name":"wp","href":"https:\/\/api.w.org\/{rel}","templated":true}]}}