{"id":20,"date":"2026-08-04T17:35:23","date_gmt":"2026-08-04T16:35:23","guid":{"rendered":"https:\/\/nublo.tv\/?p=20"},"modified":"2026-08-04T17:35:23","modified_gmt":"2026-08-04T16:35:23","slug":"un-verano-al-aire-libre-llega-este-fin-de-semana-a-arinaga-con-actividades-para-toda-la-familia","status":"publish","type":"post","link":"https:\/\/nublo.tv\/index.php\/2026\/08\/04\/un-verano-al-aire-libre-llega-este-fin-de-semana-a-arinaga-con-actividades-para-toda-la-familia\/","title":{"rendered":"\u2018Un verano al aire libre\u2019 llega este fin de semana a Arinaga con actividades para toda la familia."},"content":{"rendered":"<p class=\"p-meta\"><span>Marcos Hern\u00e1ndez Bola\u00f1os<\/span><span><time class=\"entry-date\" datetime=\"2026-07-29T10:29:45+00:00\">29\/07\/2026<\/time><\/span><span><a href=\"https:\/\/aguimes.es\/category\/noticias\/\" title=\"View all posts in: \u201cNoticias\u201d\">Noticias<\/a>, <a href=\"https:\/\/aguimes.es\/category\/noticias\/participacion\/\" title=\"View all posts in: \u201cParticipaci\u00f3n Ciudadana\u201d\">Participaci\u00f3n Ciudadana<\/a><\/span><\/p>\n<p class=\"wp-block-paragraph\"><strong>El espect\u00e1culo infantil de Tot\u00f3 el Payaso y la m\u00fasica de Yet Garbey, Fran Su\u00e1rez y Rodian, ser\u00e1n algunos de los eventos que protagonizar\u00e1n la programaci\u00f3n.\u00a0\u00a0\u00a0\u00a0\u00a0\u00a0<\/strong>\u00a0<\/p>\n<p class=\"wp-block-paragraph\">Llega agosto y con \u00e9l \u2018Un verano al aire libre\u2019, el programa organizado por el Ayuntamiento de Ag\u00fcimes para animar los fines de semana con propuestas para todas las edades. La primera edici\u00f3n tendr\u00e1 lugar este fin de semana en el Soco Negro con m\u00fasica, baile y espect\u00e1culos infantiles.\u00a0<\/p>\n<p class=\"wp-block-paragraph\">El s\u00e1bado 1 de agosto arrancar\u00e1n con la actuaci\u00f3n a las 12:00 de Tot\u00f3, un alocado y so\u00f1ador payaso que transmite sus emociones en cada espect\u00e1culo a trav\u00e9s de ese sexto sentido que s\u00f3lo los payasos poseen: \u201csu roja nariz\u201d. Ya por la tarde, a las 16:30, tendr\u00e1 lugar una sesi\u00f3n de Bailarinaga, un evento de acceso libre frente al mar que ofrece talleres de bachata y salsa, sesiones de SBK\u00a0 (salsa, bachata y kizomba), adem\u00e1s de actuaciones en directo.<\/p>\n<p class=\"wp-block-paragraph\">Para finalizar la jornada, el m\u00fasico y productor cubano Yet Garbey ofrecer\u00e1, a las 19:30, un concierto que combina sus ra\u00edces cubanas con la energ\u00eda vibrante de Canarias. Su m\u00fasica es un viaje sonoro que invita a todos a disfrutar y celebrar la vida.<\/p>\n<p class=\"wp-block-paragraph\">El domingo 2 de agosto acoger\u00e1, a las 10:00, una de las grandes protagonistas de la programaci\u00f3n de \u2018Un verano al aire libre\u2019, las actividades infantiles acu\u00e1ticas, que se celebrar\u00e1n todos los domingos ofreciendo a los m\u00e1s peque\u00f1os una divertida alternativa para disfrutar del litoral. A las 16:00, tambi\u00e9n en el Soco Negro, llegar\u00e1 la actuaci\u00f3n del saxofonista Fran Su\u00e1rez y, una hora m\u00e1s tarde, a las 17:00, ser\u00e1 el turno del cantautor ag\u00fcimense Rodian.<\/p>\n","protected":false},"excerpt":{"rendered":"<p>Marcos Hern\u00e1ndez Bola\u00f1os29\/07\/2026Noticias, Participaci\u00f3n CiudadanaEl espect\u00e1culo infantil de Tot\u00f3 el Payaso y la m\u00fasica de Yet Garbey, Fran Su\u00e1rez y Rodian, ser\u00e1n algunos de los eventos que protagonizar\u00e1n la programaci\u00f3n.\u00a0\u00a0\u00a0\u00a0\u00a0\u00a0\u00a0Llega&hellip;<\/p>\n","protected":false},"author":4,"featured_media":21,"comment_status":"open","ping_status":"open","sticky":false,"template":"","format":"standard","meta":{"wpai_generated_summary":"","wpai_meta_description":"","footnotes":""},"categories":[125],"tags":[],"class_list":["post-20","post","type-post","status-publish","format-standard","has-post-thumbnail","hentry","category-ayuntamiento-de-aguimes"],"_links":{"self":[{"href":"https:\/\/nublo.tv\/index.php\/wp-json\/wp\/v2\/posts\/20","targetHints":{"allow":["GET"]}}],"collection":[{"href":"https:\/\/nublo.tv\/index.php\/wp-json\/wp\/v2\/posts"}],"about":[{"href":"https:\/\/nublo.tv\/index.php\/wp-json\/wp\/v2\/types\/post"}],"author":[{"embeddable":true,"href":"https:\/\/nublo.tv\/index.php\/wp-json\/wp\/v2\/users\/4"}],"replies":[{"embeddable":true,"href":"https:\/\/nublo.tv\/index.php\/wp-json\/wp\/v2\/comments?post=20"}],"version-history":[{"count":1,"href":"https:\/\/nublo.tv\/index.php\/wp-json\/wp\/v2\/posts\/20\/revisions"}],"predecessor-version":[{"id":531,"href":"https:\/\/nublo.tv\/index.php\/wp-json\/wp\/v2\/posts\/20\/revisions\/531"}],"wp:featuredmedia":[{"embeddable":true,"href":"https:\/\/nublo.tv\/index.php\/wp-json\/wp\/v2\/media\/21"}],"wp:attachment":[{"href":"https:\/\/nublo.tv\/index.php\/wp-json\/wp\/v2\/media?parent=20"}],"wp:term":[{"taxonomy":"category","embeddable":true,"href":"https:\/\/nublo.tv\/index.php\/wp-json\/wp\/v2\/categories?post=20"},{"taxonomy":"post_tag","embeddable":true,"href":"https:\/\/nublo.tv\/index.php\/wp-json\/wp\/v2\/tags?post=20"}],"curies":[{"name":"wp","href":"https:\/\/api.w.org\/{rel}","templated":true}]}}