{"id":202,"date":"2026-08-04T17:35:23","date_gmt":"2026-08-04T16:35:23","guid":{"rendered":"https:\/\/nublo.tv\/?p=202"},"modified":"2026-08-04T17:35:23","modified_gmt":"2026-08-04T16:35:23","slug":"el-consorcio-de-emergencias-de-gran-canaria-presenta-nuevos-medios-materiales-para-mejorar-sus-actuaciones","status":"publish","type":"post","link":"https:\/\/nublo.tv\/index.php\/2026\/08\/04\/el-consorcio-de-emergencias-de-gran-canaria-presenta-nuevos-medios-materiales-para-mejorar-sus-actuaciones\/","title":{"rendered":"El Consorcio de Emergencias de Gran Canaria presenta nuevos medios materiales para mejorar sus actuaciones"},"content":{"rendered":"<p>El Consorcio de Emergencias de Gran Canaria ha presentado este martes los nuevos medios materiales incorporados al servicio, una actuaci\u00f3n que supone un importante avance en la modernizaci\u00f3n de los recursos operativos destinados a la atenci\u00f3n de emergencias en la isla. El acto, celebrado en el Recinto Ferial de Ag\u00fcimes, cont\u00f3 con la participaci\u00f3n del presidente del Cabildo de Gran Canaria, Antonio Morales M\u00e9ndez,\u00a0 del presidente del Consorcio de Emergencias de Gran Canaria, Pedro Francisco Justo Brito, y del alcalde de Santa Luc\u00eda de Tirajana Francisco Garc\u00eda entre otros responsables pol\u00edticos y de Emergencias.\u00a0 El presidente insular Antonio Morales destac\u00f3\u00a0 la apuesta por la mejora continua del servicio p\u00fablico y el fortalecimiento de la capacidad de respuesta ante cualquier tipo\u00a0 \u00a0de emergencia.\u00a0Durante la presentaci\u00f3n se dieron a conocer los nuevos recursos incorporados al Consorcio, entre los que destacan dos camiones autobomba urbana, robots de extinci\u00f3n, drones para rescate acu\u00e1tico, remolques t\u00e1cticos, ventiladores de bater\u00eda, mantas de extinci\u00f3n para veh\u00edculos el\u00e9ctricos, kits de extinci\u00f3n para veh\u00edculos\u00a0 pick-up,herramientas especializadas y otros equipos destinados a mejorar la eficacia y la seguridad de las intervenciones.<\/p>\n<p>Estas incorporaciones responden a la estrategia de renovaci\u00f3n y modernizaci\u00f3n impulsada por el Consorcio, orientada a dotar a los parques de bomberos de medios m\u00e1s eficientes, seguros y adaptados a los nuevos escenarios de intervenci\u00f3n. La inversi\u00f3n realizada contempla tanto la adquisici\u00f3n de nuevos recursos materiales como el desarrollo de un amplio programa de formaci\u00f3n para el personal, con el objetivo de garantizar que la incorporaci\u00f3n de nuevas tecnolog\u00edas vaya acompa\u00f1ada de una capacitaci\u00f3n continua de los equipos de intervenci\u00f3n. Antonio Morales, presidente del Cabildo de Gran Canaria \u201cHoy damos un paso m\u00e1s para que los profesionales del Consorcio puedan desarrollar su labor con mayor eficacia all\u00ed donde se produzca una emergencia. Nuestro compromiso es seguir reforzando la seguridad de Gran Canaria mediante una inversi\u00f3n continua en veh\u00edculos, equipamiento, nuevas tecnolog\u00edas y formaci\u00f3n, porque disponer de un servicio de emergencias moderno es la mejor<\/p>\n<p>garant\u00eda para proteger a la ciudadan\u00eda y ofrecer una respuesta cada vez m\u00e1s eficaz.\u201d Actualmente, el Consorcio de Emergencias de Gran Canaria contin\u00faa desarrollando un proceso de modernizaci\u00f3n progresiva de sus medios materiales y operativos con el objetivo de ofrecer una respuesta cada vez m\u00e1s r\u00e1pida, eficaz y segura a la ciudadan\u00eda, reforzando la protecci\u00f3n de los municipios consorciados y adapt\u00e1ndose a las nuevas necesidades que plantean las emergencias.<\/p>\n<p>Gabinete de Comunicaci\u00f3n, martes 28 de julio de 2026.<\/p>\n","protected":false},"excerpt":{"rendered":"<p>El Consorcio de Emergencias de Gran Canaria ha presentado este martes los nuevos medios materiales incorporados al servicio, una actuaci\u00f3n que supone un importante avance en la modernizaci\u00f3n de los&hellip;<\/p>\n","protected":false},"author":18,"featured_media":204,"comment_status":"open","ping_status":"open","sticky":false,"template":"","format":"standard","meta":{"wpai_generated_summary":"","wpai_meta_description":"","footnotes":""},"categories":[137],"tags":[],"class_list":["post-202","post","type-post","status-publish","format-standard","has-post-thumbnail","hentry","category-ayuntamiento-de-santa-lucia-de-tirajana"],"_links":{"self":[{"href":"https:\/\/nublo.tv\/index.php\/wp-json\/wp\/v2\/posts\/202","targetHints":{"allow":["GET"]}}],"collection":[{"href":"https:\/\/nublo.tv\/index.php\/wp-json\/wp\/v2\/posts"}],"about":[{"href":"https:\/\/nublo.tv\/index.php\/wp-json\/wp\/v2\/types\/post"}],"author":[{"embeddable":true,"href":"https:\/\/nublo.tv\/index.php\/wp-json\/wp\/v2\/users\/18"}],"replies":[{"embeddable":true,"href":"https:\/\/nublo.tv\/index.php\/wp-json\/wp\/v2\/comments?post=202"}],"version-history":[{"count":1,"href":"https:\/\/nublo.tv\/index.php\/wp-json\/wp\/v2\/posts\/202\/revisions"}],"predecessor-version":[{"id":541,"href":"https:\/\/nublo.tv\/index.php\/wp-json\/wp\/v2\/posts\/202\/revisions\/541"}],"wp:featuredmedia":[{"embeddable":true,"href":"https:\/\/nublo.tv\/index.php\/wp-json\/wp\/v2\/media\/204"}],"wp:attachment":[{"href":"https:\/\/nublo.tv\/index.php\/wp-json\/wp\/v2\/media?parent=202"}],"wp:term":[{"taxonomy":"category","embeddable":true,"href":"https:\/\/nublo.tv\/index.php\/wp-json\/wp\/v2\/categories?post=202"},{"taxonomy":"post_tag","embeddable":true,"href":"https:\/\/nublo.tv\/index.php\/wp-json\/wp\/v2\/tags?post=202"}],"curies":[{"name":"wp","href":"https:\/\/api.w.org\/{rel}","templated":true}]}}