{"id":206,"date":"2026-08-04T17:37:06","date_gmt":"2026-08-04T16:37:06","guid":{"rendered":"https:\/\/nublo.tv\/?p=206"},"modified":"2026-08-04T17:37:06","modified_gmt":"2026-08-04T16:37:06","slug":"antonio-arbelo-recordara-en-el-pregon-de-san-rafael-a-toda-la-gente-que-hace-posible-las-fiestas-2","status":"publish","type":"post","link":"https:\/\/nublo.tv\/index.php\/2026\/08\/04\/antonio-arbelo-recordara-en-el-pregon-de-san-rafael-a-toda-la-gente-que-hace-posible-las-fiestas-2\/","title":{"rendered":"Antonio Arbelo recordar\u00e1 en el preg\u00f3n de San Rafael a toda la gente que hace posible las fiestas"},"content":{"rendered":"<p><strong>Santa Luc\u00eda de Tirajana, martes 28 de julio 2026.- <\/strong>\u00a0El empresario Antonio Arbelo\u00a0 Gonz\u00e1lez, gerente de la estaci\u00f3n de servicio El Taro y dirigente de la Asociaci\u00f3n de Empresarios de Vecindario (Ascoive), ser\u00e1 el pregonero de las fiestas de San Rafael de Vecindario de este a\u00f1o. El conocido emprendedor leer\u00e1 el preg\u00f3n de las fiestas el pr\u00f3ximo 16 de octubre, un texto que ya tiene t\u00edtulo: \u2018Los recuerdos que nos unen\u2019, con el que pretende hacer un reconocimiento \u201ca toda la gente que colabora de forma altruista en la celebraci\u00f3n de las fiestas de San Rafael y que no salen en el escenario\u201d. \u00a0El pregonero fue recibido este martes por el alcalde de Santa Luc\u00eda de Tirajana, Francisco Garc\u00eda y la concejala de Festejos , Arminda Santana, que mostraron su confianza en que \u201cAntonio Arbelo va a protagonizar un gran preg\u00f3n\u201d.<\/p>\n<p>El alcalde se\u00f1al\u00f3 que \u201cAntonio tiene el perfil adecuado porque todos conocemos su implicaci\u00f3n social y porque, adem\u00e1s, es un emprendedor que apuesta por la innovaci\u00f3n y las energ\u00edas renovables, en la l\u00ednea del municipio y de la Mancomunidad del Sureste\u201d. \u201cPor eso \u2013 a\u00f1adi\u00f3 el primer edil- estamos seguro que Antonio Arbelo realizar\u00e1 un gran preg\u00f3n en estas fiestas tan importantes\u201d.<\/p>\n<p>La concejala de Festejos Arminda Santana destac\u00f3\u00a0 que \u201cpara nosotros es un honor contar con Antonio porque es un referente, que siempre colabora con las fiestas peque\u00f1as, con los eventos solidarios\u201d. La concejala se\u00f1al\u00f3 que \u201cpr\u00f3ximamente haremos la presentaci\u00f3n del programa de las fiestas de San Rafael, que llevamos trabajando varios meses, y ser\u00e1n desde el 16 de octubre hasta el uno de noviembre\u201d. Santana a\u00f1adi\u00f3 que \u201ctendr\u00e1 muchos actos, conciertos, actividades para ni\u00f1os y mayores, los tradicionales cochitos y algunas sorpresas\u201d.<\/p>\n<p>Antonio Arbelo Gonz\u00e1lez se mostr\u00f3 \u201cmuy agradecido con el Ayuntamiento por acordarse de mi y, de alguna forma, tambi\u00e9n de mi familia y de la empresa, asumo el preg\u00f3n con orgullo y con mucha responsabilidad\u201d. Arbelo anunci\u00f3 que \u201dcon mi preg\u00f3n repasar\u00e9 muchos recuerdos que est\u00e1n ah\u00ed, es una oportunidad de poner en valor la defensa de lo social,\u00a0 los valores que nuestros padres nos dieron, porque alrededor de unas fiestas hay mucha gente que no sale en el escenario\u201d. Desde que recibi\u00f3 la noticia de su elecci\u00f3n como pregonero Antonio Arbelo lo asumi\u00f3 \u201ccomo un reto y ya comenc\u00e9 a escribir el texto y ya s\u00e9 que tendr\u00e1 cinco actos, que estar\u00e9 acompa\u00f1ado de voces de mujeres santaluce\u00f1as y que destacar\u00e1 el aspecto festivo, el recuerdo de los chiringuitos, de las primeras verbenas con Paco Guedes o Armon\u00eda\u201d.<\/p>\n<p>Gabinete de Comunicaci\u00f3n, Santa Luc\u00eda de Tirajana martes 28 de julio de julio\u00a0 de\u00a0 2026.<\/p>\n","protected":false},"excerpt":{"rendered":"<p>Santa Luc\u00eda de Tirajana, martes 28 de julio 2026.- \u00a0El empresario Antonio Arbelo\u00a0 Gonz\u00e1lez, gerente de la estaci\u00f3n de servicio El Taro y dirigente de la Asociaci\u00f3n de Empresarios de&hellip;<\/p>\n","protected":false},"author":18,"featured_media":208,"comment_status":"open","ping_status":"open","sticky":false,"template":"","format":"standard","meta":{"wpai_generated_summary":"","wpai_meta_description":"","footnotes":""},"categories":[137],"tags":[],"class_list":["post-206","post","type-post","status-publish","format-standard","has-post-thumbnail","hentry","category-ayuntamiento-de-santa-lucia-de-tirajana"],"_links":{"self":[{"href":"https:\/\/nublo.tv\/index.php\/wp-json\/wp\/v2\/posts\/206","targetHints":{"allow":["GET"]}}],"collection":[{"href":"https:\/\/nublo.tv\/index.php\/wp-json\/wp\/v2\/posts"}],"about":[{"href":"https:\/\/nublo.tv\/index.php\/wp-json\/wp\/v2\/types\/post"}],"author":[{"embeddable":true,"href":"https:\/\/nublo.tv\/index.php\/wp-json\/wp\/v2\/users\/18"}],"replies":[{"embeddable":true,"href":"https:\/\/nublo.tv\/index.php\/wp-json\/wp\/v2\/comments?post=206"}],"version-history":[{"count":1,"href":"https:\/\/nublo.tv\/index.php\/wp-json\/wp\/v2\/posts\/206\/revisions"}],"predecessor-version":[{"id":543,"href":"https:\/\/nublo.tv\/index.php\/wp-json\/wp\/v2\/posts\/206\/revisions\/543"}],"wp:featuredmedia":[{"embeddable":true,"href":"https:\/\/nublo.tv\/index.php\/wp-json\/wp\/v2\/media\/208"}],"wp:attachment":[{"href":"https:\/\/nublo.tv\/index.php\/wp-json\/wp\/v2\/media?parent=206"}],"wp:term":[{"taxonomy":"category","embeddable":true,"href":"https:\/\/nublo.tv\/index.php\/wp-json\/wp\/v2\/categories?post=206"},{"taxonomy":"post_tag","embeddable":true,"href":"https:\/\/nublo.tv\/index.php\/wp-json\/wp\/v2\/tags?post=206"}],"curies":[{"name":"wp","href":"https:\/\/api.w.org\/{rel}","templated":true}]}}