{"id":210,"date":"2026-08-04T17:37:06","date_gmt":"2026-08-04T16:37:06","guid":{"rendered":"https:\/\/nublo.tv\/?p=210"},"modified":"2026-08-04T17:37:06","modified_gmt":"2026-08-04T16:37:06","slug":"una-instalacion-fotovoltaica-del-icia-en-santa-lucia-de-tirajana-impulsara-la-innovacion-agraria-y-la-sostenibilidad-energetica","status":"publish","type":"post","link":"https:\/\/nublo.tv\/index.php\/2026\/08\/04\/una-instalacion-fotovoltaica-del-icia-en-santa-lucia-de-tirajana-impulsara-la-innovacion-agraria-y-la-sostenibilidad-energetica\/","title":{"rendered":"Una instalaci\u00f3n fotovoltaica del ICIA en Santa Luc\u00eda de Tirajana impulsar\u00e1 la innovaci\u00f3n agraria y la sostenibilidad energ\u00e9tica"},"content":{"rendered":"<p>El Gobierno de Canarias ha puesto en marcha este proyecto que cuenta con 60 m\u00f3dulos solares verticales, una producci\u00f3n anual estimada de 42.900 kWh y una inversi\u00f3n de 97.613 euros<br \/>\nZapata: \u201cLa transici\u00f3n sostenible tambi\u00e9n pasa por la investigaci\u00f3n y por explorar soluciones distintas que nos permitan el uso del suelo, respetando el entorno de nuestras islas, mejorando la eficiencia y avanzando en soberan\u00eda energ\u00e9tica\u201d<br \/>\nQuintero: \u201cLa colaboraci\u00f3n entre innovaci\u00f3n agraria y transici\u00f3n energ\u00e9tica es fundamental para ofrecer herramientas \u00fatiles a nuestros agricultores y reforzar la competitividad del sector primario en las islas\u201d<\/p>\n<p>El consejero de Transici\u00f3n Ecol\u00f3gica y Energ\u00eda del Gobierno de Canarias, Mariano H. Zapata, y el de Agricultura, Ganader\u00eda, Pesca y Soberan\u00eda Alimentaria, Narvay Quintero, han visitado hoy las instalaciones del Instituto Canario de Investigaciones Agrarias (ICIA), en el municipio grancanario de Santa Luc\u00eda de Tirajana, para comprobar sobre el terreno los resultados del nuevo proyecto impulsado por el Gobierno de Canarias que ha permitido dotar al centro de una instalaci\u00f3n fotovoltaica vertical experimental para facilitar el autoconsumo.<\/p>\n<p>Durante la visita, ambos consejeros recorrieron las instalaciones vinculadas a este proyecto innovador, que combina investigaci\u00f3n agraria y producci\u00f3n de energ\u00eda renovable mediante la tecnolog\u00eda fotovoltaica bifacial en disposici\u00f3n vertical y con orientaci\u00f3n norte-sur, en la que los paneles solares son capaces de captar luz por ambas caras.<\/p>\n<p>Mariano H. Zapata destac\u00f3 que \u201ceste proyecto experimental que hoy visitamos en Santa Luc\u00eda nos permitir\u00e1 analizar c\u00f3mo responder\u00e1n sistemas fotovoltaicos innovadores en entornos agr\u00edcolas reales de nuestras islas, generando conocimiento \u00fatil para futuras implantaciones para el sector primario\u201d. As\u00ed, asever\u00f3, \u201cCanarias tiene la oportunidad de convertirse en un espacio de referencia para ensayar nuevas tecnolog\u00edas energ\u00e9ticas adaptadas a territorios insulares y clim\u00e1ticamente complejos como el nuestro\u201d.<\/p>\n<p>De esta forma, sentenci\u00f3 el consejero de Transici\u00f3n, \u201cla transici\u00f3n energ\u00e9tica tambi\u00e9n pasa por la investigaci\u00f3n y por explorar soluciones distintas que nos permitan el uso del suelo, respetando el entorno, mejorando la eficiencia y avanzando en soberan\u00eda energ\u00e9tica. Todo ello, poniendo la tecnolog\u00eda al servicio de sectores estrat\u00e9gicos para Canarias como es la agricultura\u201d.<\/p>\n<p>Por su parte, Narvay Quintero subray\u00f3 que \u201cel Instituto Canario de Investigaciones Agrarias (ICIA) vuelve a situarse a la vanguardia de la investigaci\u00f3n aplicada al sector primario, evaluando tecnolog\u00edas que pueden tener un impacto muy positivo en el futuro de la agricultura en nuestro archipi\u00e9lago\u201d.<\/p>\n<p>De esta forma, se\u00f1al\u00f3, \u201cla colaboraci\u00f3n entre innovaci\u00f3n agraria y transici\u00f3n energ\u00e9tica es fundamental para ofrecer herramientas \u00fatiles a nuestros agricultores y reforzar la competitividad de la agricultura en Canarias, logrando que las islas sean capaces de compatibilizar la producci\u00f3n energ\u00e9tica, la sostenibilidad y el desarrollo del sector primario, creando nuevas oportunidades para nuestros agricultores y afrontando con mayores garant\u00edas los retos clim\u00e1ticos y energ\u00e9ticos que se nos presentan en la actualidad\u201d.<\/p>\n<p>Analizar el comportamiento energ\u00e9tico y agrario<\/p>\n<p>La instalaci\u00f3n experimental se ubica en la finca \u201cLa Estaci\u00f3n\u201d del Instituto Canario de Investigaciones Agrarias, situada en el municipio de Santa Luc\u00eda de Tirajana y forma parte de las l\u00edneas de investigaci\u00f3n vinculadas a sostenibilidad, eficiencia energ\u00e9tica y nuevas aplicaciones agrovoltaicas adaptadas a las condiciones clim\u00e1ticas de Canarias.<\/p>\n<p>La actuaci\u00f3n ha supuesto una inversi\u00f3n global de 97.613,83 euros y est\u00e1 financiada con Fondos Next Generation dentro del Plan nacional de Recuperaci\u00f3n, Transformaci\u00f3n y Resiliencia.<\/p>\n<p>El objetivo es desarrollar una infraestructura experimental concebida para autoconsumo aislado, vinculada a proyectos de investigaci\u00f3n agraria y energ\u00e9tica. Todo ello, permitir\u00e1 analizar el comportamiento energ\u00e9tico y agron\u00f3mico de este tipo de sistemas en condiciones clim\u00e1ticas reales de Canarias.<\/p>\n<p>As\u00ed, se han instalado en la finca 60 m\u00f3dulos fotovoltaicos bifaciales, con una potencia total instalada de 25 kWp y una producci\u00f3n anual estimada de 42.900 kWh. El soporte de los paneles se basa en una serie de estructuras verticales dispuestas en hileras que protegen contra el viento y son capaces de generar mayor energ\u00eda que las convencionales. Adem\u00e1s, la instalaci\u00f3n cuenta con inversores y sistemas de monitorizaci\u00f3n y comunicaci\u00f3n para an\u00e1lisis de resultados y comportamiento energ\u00e9tico de la instalaci\u00f3n.<\/p>\n<p>Desde ambas consejer\u00edas se destac\u00f3 que este tipo de proyectos permiten seguir fortaleciendo la colaboraci\u00f3n entre transici\u00f3n energ\u00e9tica e innovaci\u00f3n agraria, impulsando soluciones tecnol\u00f3gicas sostenibles que contribuyan a modernizar el sector primario y avanzar hacia un modelo energ\u00e9tico m\u00e1s limpio y eficiente para el Archipi\u00e9lago.<\/p>\n","protected":false},"excerpt":{"rendered":"<p>El Gobierno de Canarias ha puesto en marcha este proyecto que cuenta con 60 m\u00f3dulos solares verticales, una producci\u00f3n anual estimada de 42.900 kWh y una inversi\u00f3n de 97.613 euros&hellip;<\/p>\n","protected":false},"author":18,"featured_media":211,"comment_status":"open","ping_status":"open","sticky":false,"template":"","format":"standard","meta":{"wpai_generated_summary":"","wpai_meta_description":"","footnotes":""},"categories":[137],"tags":[],"class_list":["post-210","post","type-post","status-publish","format-standard","has-post-thumbnail","hentry","category-ayuntamiento-de-santa-lucia-de-tirajana"],"_links":{"self":[{"href":"https:\/\/nublo.tv\/index.php\/wp-json\/wp\/v2\/posts\/210","targetHints":{"allow":["GET"]}}],"collection":[{"href":"https:\/\/nublo.tv\/index.php\/wp-json\/wp\/v2\/posts"}],"about":[{"href":"https:\/\/nublo.tv\/index.php\/wp-json\/wp\/v2\/types\/post"}],"author":[{"embeddable":true,"href":"https:\/\/nublo.tv\/index.php\/wp-json\/wp\/v2\/users\/18"}],"replies":[{"embeddable":true,"href":"https:\/\/nublo.tv\/index.php\/wp-json\/wp\/v2\/comments?post=210"}],"version-history":[{"count":1,"href":"https:\/\/nublo.tv\/index.php\/wp-json\/wp\/v2\/posts\/210\/revisions"}],"predecessor-version":[{"id":557,"href":"https:\/\/nublo.tv\/index.php\/wp-json\/wp\/v2\/posts\/210\/revisions\/557"}],"wp:featuredmedia":[{"embeddable":true,"href":"https:\/\/nublo.tv\/index.php\/wp-json\/wp\/v2\/media\/211"}],"wp:attachment":[{"href":"https:\/\/nublo.tv\/index.php\/wp-json\/wp\/v2\/media?parent=210"}],"wp:term":[{"taxonomy":"category","embeddable":true,"href":"https:\/\/nublo.tv\/index.php\/wp-json\/wp\/v2\/categories?post=210"},{"taxonomy":"post_tag","embeddable":true,"href":"https:\/\/nublo.tv\/index.php\/wp-json\/wp\/v2\/tags?post=210"}],"curies":[{"name":"wp","href":"https:\/\/api.w.org\/{rel}","templated":true}]}}